{"id":7115,"date":"2025-07-15T08:09:22","date_gmt":"2025-07-15T09:09:22","guid":{"rendered":"http:\/\/hwbk.de\/WordPress_02\/?p=7115"},"modified":"2025-07-15T08:09:24","modified_gmt":"2025-07-15T09:09:24","slug":"kraeutergarten-fuer-feinschmecker","status":"publish","type":"post","link":"http:\/\/hwbk.de\/WordPress_02\/kraeutergarten-fuer-feinschmecker\/","title":{"rendered":"Kr\u00e4utergarten f\u00fcr Feinschmecker"},"content":{"rendered":"\n<p>In Zusammenarbeit aller Fachlehrerinnen und Fachlehrer der Klassen AVPL und AVPLI ist ein neuer Kr\u00e4utergarten im Innenhof des Helene-Weber-Berufskollegs entstanden.\u00a0Aktuell sind ca. 15 verschiedene K\u00fcchenkr\u00e4uter eingepflanzt und zu Schulungszwecken mit einem Schild versehen. Die Kr\u00e4uter k\u00f6nnen ebenfalls f\u00fcr die Zubereitung von Speisen in den K\u00fcchen der Gastronomie und hauswirtschaftlichen Abteilungen genutzt werden. Die G\u00e4rtnerei Cornielje stellte die Kr\u00e4uter f\u00fcr einen geringen Betrag zusammen. Die Pflege des Kr\u00e4utergartens \u00fcbernimmt im Rahmen des Unterrichts die AVPL\/AVPLI. Die Kr\u00e4uter k\u00f6nnen zu Unterrichtszwecken besichtigt werden und auch die Erkennung der Kr\u00e4uter kann ge\u00fcbt werden.<\/p>\n\n\n\n<figure class=\"wp-block-gallery columns-3 is-cropped wp-block-gallery-1 is-layout-flex wp-block-gallery-is-layout-flex\"><ul class=\"blocks-gallery-grid\"><li class=\"blocks-gallery-item\"><figure><img loading=\"lazy\" decoding=\"async\" width=\"768\" height=\"1024\" src=\"https:\/\/hwbk.de\/WordPress_02\/wp-content\/uploads\/2025\/07\/20250506_130002-768x1024.jpg\" alt=\"\" data-id=\"7117\" data-full-url=\"https:\/\/hwbk.de\/WordPress_02\/wp-content\/uploads\/2025\/07\/20250506_130002-scaled.jpg\" data-link=\"https:\/\/hwbk.de\/WordPress_02\/?attachment_id=7117\" class=\"wp-image-7117\" srcset=\"http:\/\/hwbk.de\/WordPress_02\/wp-content\/uploads\/2025\/07\/20250506_130002-768x1024.jpg 768w, http:\/\/hwbk.de\/WordPress_02\/wp-content\/uploads\/2025\/07\/20250506_130002-225x300.jpg 225w, http:\/\/hwbk.de\/WordPress_02\/wp-content\/uploads\/2025\/07\/20250506_130002-128x171.jpg 128w, http:\/\/hwbk.de\/WordPress_02\/wp-content\/uploads\/2025\/07\/20250506_130002-1152x1536.jpg 1152w, http:\/\/hwbk.de\/WordPress_02\/wp-content\/uploads\/2025\/07\/20250506_130002-1536x2048.jpg 1536w, http:\/\/hwbk.de\/WordPress_02\/wp-content\/uploads\/2025\/07\/20250506_130002-scaled.jpg 1920w\" sizes=\"auto, (max-width: 768px) 100vw, 768px\" \/><\/figure><\/li><li class=\"blocks-gallery-item\"><figure><img loading=\"lazy\" decoding=\"async\" width=\"768\" height=\"1024\" src=\"https:\/\/hwbk.de\/WordPress_02\/wp-content\/uploads\/2025\/07\/20250506_130101-768x1024.jpg\" alt=\"\" data-id=\"7119\" data-full-url=\"https:\/\/hwbk.de\/WordPress_02\/wp-content\/uploads\/2025\/07\/20250506_130101-scaled.jpg\" data-link=\"https:\/\/hwbk.de\/WordPress_02\/?attachment_id=7119\" class=\"wp-image-7119\" srcset=\"http:\/\/hwbk.de\/WordPress_02\/wp-content\/uploads\/2025\/07\/20250506_130101-768x1024.jpg 768w, http:\/\/hwbk.de\/WordPress_02\/wp-content\/uploads\/2025\/07\/20250506_130101-225x300.jpg 225w, http:\/\/hwbk.de\/WordPress_02\/wp-content\/uploads\/2025\/07\/20250506_130101-128x171.jpg 128w, http:\/\/hwbk.de\/WordPress_02\/wp-content\/uploads\/2025\/07\/20250506_130101-1152x1536.jpg 1152w, http:\/\/hwbk.de\/WordPress_02\/wp-content\/uploads\/2025\/07\/20250506_130101-1536x2048.jpg 1536w, http:\/\/hwbk.de\/WordPress_02\/wp-content\/uploads\/2025\/07\/20250506_130101-scaled.jpg 1920w\" sizes=\"auto, (max-width: 768px) 100vw, 768px\" \/><\/figure><\/li><li class=\"blocks-gallery-item\"><figure><img loading=\"lazy\" decoding=\"async\" width=\"768\" height=\"1024\" src=\"https:\/\/hwbk.de\/WordPress_02\/wp-content\/uploads\/2025\/07\/20250506_130050-768x1024.jpg\" alt=\"\" data-id=\"7118\" data-full-url=\"https:\/\/hwbk.de\/WordPress_02\/wp-content\/uploads\/2025\/07\/20250506_130050-scaled.jpg\" data-link=\"https:\/\/hwbk.de\/WordPress_02\/?attachment_id=7118\" class=\"wp-image-7118\" srcset=\"http:\/\/hwbk.de\/WordPress_02\/wp-content\/uploads\/2025\/07\/20250506_130050-768x1024.jpg 768w, http:\/\/hwbk.de\/WordPress_02\/wp-content\/uploads\/2025\/07\/20250506_130050-225x300.jpg 225w, http:\/\/hwbk.de\/WordPress_02\/wp-content\/uploads\/2025\/07\/20250506_130050-128x171.jpg 128w, http:\/\/hwbk.de\/WordPress_02\/wp-content\/uploads\/2025\/07\/20250506_130050-1152x1536.jpg 1152w, http:\/\/hwbk.de\/WordPress_02\/wp-content\/uploads\/2025\/07\/20250506_130050-1536x2048.jpg 1536w, http:\/\/hwbk.de\/WordPress_02\/wp-content\/uploads\/2025\/07\/20250506_130050-scaled.jpg 1920w\" sizes=\"auto, (max-width: 768px) 100vw, 768px\" \/><\/figure><\/li><li class=\"blocks-gallery-item\"><figure><img loading=\"lazy\" decoding=\"async\" width=\"768\" height=\"1024\" src=\"https:\/\/hwbk.de\/WordPress_02\/wp-content\/uploads\/2025\/07\/20250506_125259-768x1024.jpg\" alt=\"\" data-id=\"7116\" data-full-url=\"https:\/\/hwbk.de\/WordPress_02\/wp-content\/uploads\/2025\/07\/20250506_125259-scaled.jpg\" data-link=\"https:\/\/hwbk.de\/WordPress_02\/?attachment_id=7116\" class=\"wp-image-7116\" srcset=\"http:\/\/hwbk.de\/WordPress_02\/wp-content\/uploads\/2025\/07\/20250506_125259-768x1024.jpg 768w, http:\/\/hwbk.de\/WordPress_02\/wp-content\/uploads\/2025\/07\/20250506_125259-225x300.jpg 225w, http:\/\/hwbk.de\/WordPress_02\/wp-content\/uploads\/2025\/07\/20250506_125259-128x171.jpg 128w, http:\/\/hwbk.de\/WordPress_02\/wp-content\/uploads\/2025\/07\/20250506_125259-1152x1536.jpg 1152w, http:\/\/hwbk.de\/WordPress_02\/wp-content\/uploads\/2025\/07\/20250506_125259-1536x2048.jpg 1536w, http:\/\/hwbk.de\/WordPress_02\/wp-content\/uploads\/2025\/07\/20250506_125259-scaled.jpg 1920w\" sizes=\"auto, (max-width: 768px) 100vw, 768px\" \/><\/figure><\/li><\/ul><\/figure>\n","protected":false},"excerpt":{"rendered":"<p>In Zusammenarbeit aller Fachlehrerinnen und Fachlehrer der Klassen AVPL und AVPLI ist ein neuer Kr\u00e4utergarten im Innenhof des Helene-Weber-Berufskollegs entstanden.\u00a0Aktuell sind ca. 15 verschiedene K\u00fcchenkr\u00e4uter eingepflanzt und zu Schulungszwecken mit einem Schild versehen. Die Kr\u00e4uter k\u00f6nnen ebenfalls f\u00fcr die Zubereitung &hellip; <a href=\"http:\/\/hwbk.de\/WordPress_02\/kraeutergarten-fuer-feinschmecker\/\">Continue reading <span class=\"meta-nav\">&rarr;<\/span><\/a><\/p>\n","protected":false},"author":8,"featured_media":7116,"comment_status":"closed","ping_status":"closed","sticky":false,"template":"","format":"standard","meta":{"footnotes":""},"categories":[4],"tags":[],"class_list":["post-7115","post","type-post","status-publish","format-standard","has-post-thumbnail","hentry","category-artikel"],"_links":{"self":[{"href":"http:\/\/hwbk.de\/WordPress_02\/wp-json\/wp\/v2\/posts\/7115","targetHints":{"allow":["GET"]}}],"collection":[{"href":"http:\/\/hwbk.de\/WordPress_02\/wp-json\/wp\/v2\/posts"}],"about":[{"href":"http:\/\/hwbk.de\/WordPress_02\/wp-json\/wp\/v2\/types\/post"}],"author":[{"embeddable":true,"href":"http:\/\/hwbk.de\/WordPress_02\/wp-json\/wp\/v2\/users\/8"}],"replies":[{"embeddable":true,"href":"http:\/\/hwbk.de\/WordPress_02\/wp-json\/wp\/v2\/comments?post=7115"}],"version-history":[{"count":1,"href":"http:\/\/hwbk.de\/WordPress_02\/wp-json\/wp\/v2\/posts\/7115\/revisions"}],"predecessor-version":[{"id":7120,"href":"http:\/\/hwbk.de\/WordPress_02\/wp-json\/wp\/v2\/posts\/7115\/revisions\/7120"}],"wp:featuredmedia":[{"embeddable":true,"href":"http:\/\/hwbk.de\/WordPress_02\/wp-json\/wp\/v2\/media\/7116"}],"wp:attachment":[{"href":"http:\/\/hwbk.de\/WordPress_02\/wp-json\/wp\/v2\/media?parent=7115"}],"wp:term":[{"taxonomy":"category","embeddable":true,"href":"http:\/\/hwbk.de\/WordPress_02\/wp-json\/wp\/v2\/categories?post=7115"},{"taxonomy":"post_tag","embeddable":true,"href":"http:\/\/hwbk.de\/WordPress_02\/wp-json\/wp\/v2\/tags?post=7115"}],"curies":[{"name":"wp","href":"https:\/\/api.w.org\/{rel}","templated":true}]}}