{"id":1130,"date":"2014-10-21T09:19:56","date_gmt":"2014-10-21T10:19:56","guid":{"rendered":"http:\/\/blog.hwbk.de\/?p=1130"},"modified":"2014-10-21T09:23:20","modified_gmt":"2014-10-21T10:23:20","slug":"motorbrand-schueler-des-helene-weber-berufskollegs-muessen-auf-reise-fahrzeug-wechseln","status":"publish","type":"post","link":"https:\/\/hwbk.de\/WordPress_02\/motorbrand-schueler-des-helene-weber-berufskollegs-muessen-auf-reise-fahrzeug-wechseln\/","title":{"rendered":"Motorbrand: Sch\u00fcler des Helene-Weber-Berufskollegs m\u00fcssen auf Reise Fahrzeug wechseln"},"content":{"rendered":"<div id=\"absatz1\">\n<p><a href=\"http:\/\/blog.hwbk.de\/wp-content\/uploads\/2014\/10\/Motorbrand.jpg\"><img loading=\"lazy\" decoding=\"async\" class=\"alignleft wp-image-1124 size-medium\" src=\"http:\/\/blog.hwbk.de\/wp-content\/uploads\/2014\/10\/Motorbrand-300x192.jpg\" alt=\"Der Fahrer hat den Bus gegen 6.30 Uhr abrupt anhalten m\u00fcssen. Gl\u00fccklicherweise hat er den Qualm im hinteren Bereich bemerkt. Dort hat der Motorgebrannt. | FOTO: CHRISTIAN MATHIESEN \" width=\"300\" height=\"192\" srcset=\"https:\/\/hwbk.de\/WordPress_02\/wp-content\/uploads\/2014\/10\/Motorbrand-300x192.jpg 300w, https:\/\/hwbk.de\/WordPress_02\/wp-content\/uploads\/2014\/10\/Motorbrand-128x82.jpg 128w, https:\/\/hwbk.de\/WordPress_02\/wp-content\/uploads\/2014\/10\/Motorbrand.jpg 588w\" sizes=\"auto, (max-width: 300px) 100vw, 300px\" \/><\/a>F\u00fcr zwei Parallelklassen des Helene-Weber-Berufskollegs begann am Montagmorgen die Reise nach Prag schon kurz nach dem Start mit einer Aufregung. Noch auf der Autobahn 33 vor dem Kreuz Bad W\u00fcnnenberg bemerkte der Busfahrer gegen 6.30 Uhr einen Brand im Motor seines Fahrzeuges.<\/p>\n<\/div>\n<p>&#8222;Der Motor machte Schwierigkeiten, und der Fahrer sah eine Rauchentwicklung&#8220;, gibt Oberstudiendirektor Andreas Czorny, Leiter des Kreis-Berufskollegs, den Bericht seiner Lehrerkollegen aus dem Fahrzeug wieder. Der Busfahrer habe in dieser Situation &#8222;super reagiert&#8220;, sei sofort auf den Seitenstreifen gefahren und habe die Sch\u00fclerinnen und Sch\u00fcler &#8222;auf eine Wiese geschickt&#8220;.<\/p>\n<p><!--more--><\/p>\n<p>Im Motorraum brannte es, es schlugen Flammen hoch, die der Fahrzeugf\u00fchrer mit dem buseigenen Feuerl\u00f6scher erstickte. Ein Beamter der Autobahnpolizei nennt als Ursache einen &#8222;Motorplatzer&#8220;. Die technische Ursache daf\u00fcr sei nach Mitteilung des Busfahrers ein defekter Partikelfilter gewesen. Die vom Busfahrer begonnenen L\u00f6scharbeiten wurden von Feuerwehrkr\u00e4ften weitergef\u00fchrt. Die mussten auch ausgelaufenes \u00d6l abstreuen. Auf der A 33 bildete sich hinter der Abfahrt Borchen-Etteln f\u00fcr eine knappe halbe Stunde ein kleiner Stau.<\/p>\n<p>&#8222;Gl\u00fcck im Ungl\u00fcck&#8220;, nennt Kollegleiter Czorny die unfreiwillige Unterbrechung der Klassenfahrt. Er wurde von der Klassenlehrerin telefonisch informiert. Der Busfahrer habe die Problemlage &#8222;ganz ruhig, ohne Hektik&#8220; gemeistert. Das Gep\u00e4ck der Zw\u00f6lftkl\u00e4ssler blieb zun\u00e4chst im Bus. Das Reiseunternehmen aus dem Kreis Paderborn schickte schnell einen Ersatzbus, in den die Koffer nach einer halben Stunde umgeladen wurden. Mit dem besonnenen Busfahrer am Steuer setzte die Gruppe ihre Fahrt in die tschechische Hauptstadt fort.<\/p>\n<p>Prag ist bereits seit \u00fcber 20 Jahren jedes Jahr Ziel der Fachoberschule f\u00fcr Gestaltung. Nach der \u00d6ffnung des Ostblocks hatte Czorny einige Jahre selbst die Regie bei dieser &#8222;kunsthistorischen Exkursion&#8220; inne. Die 17 bis 20 Jahre alten Sch\u00fclerinnen und Sch\u00fcler werden am Freitag in Paderborn zur\u00fcck erwartet.<\/p>\n<p>&#8222;Gut gegangen&#8220;, bilanziert Czorny die vom Busfahrer verhinderte Katastrophe zu Beginn der Klassenfahrt. Anrufe von besorgten Eltern musste der Kollegleiter am Montagmorgen keinen einzigen entgegennehmen. &#8222;Das ist nicht mehr so wie fr\u00fcher&#8220;, sagt der Oberstudiendirektor mit Verweis auf die heutigen direkten Telefonverbindungen zwischen den Jugendlichen und ihren Familien.<\/p>\n<p>aus: NW v. 21.10.2014<\/p>\n","protected":false},"excerpt":{"rendered":"<p>F\u00fcr zwei Parallelklassen des Helene-Weber-Berufskollegs begann am Montagmorgen die Reise nach Prag schon kurz nach dem Start mit einer Aufregung. Noch auf der Autobahn 33 vor dem Kreuz Bad W\u00fcnnenberg bemerkte der Busfahrer gegen 6.30 Uhr einen Brand im Motor seines Fahrzeuges. <a href=\"https:\/\/hwbk.de\/WordPress_02\/motorbrand-schueler-des-helene-weber-berufskollegs-muessen-auf-reise-fahrzeug-wechseln\/\">Continue reading <span class=\"meta-nav\">&rarr;<\/span><\/a><\/p>\n","protected":false},"author":1,"featured_media":0,"comment_status":"closed","ping_status":"closed","sticky":false,"template":"","format":"standard","meta":{"footnotes":""},"categories":[4],"tags":[],"class_list":["post-1130","post","type-post","status-publish","format-standard","hentry","category-artikel"],"_links":{"self":[{"href":"https:\/\/hwbk.de\/WordPress_02\/wp-json\/wp\/v2\/posts\/1130","targetHints":{"allow":["GET"]}}],"collection":[{"href":"https:\/\/hwbk.de\/WordPress_02\/wp-json\/wp\/v2\/posts"}],"about":[{"href":"https:\/\/hwbk.de\/WordPress_02\/wp-json\/wp\/v2\/types\/post"}],"author":[{"embeddable":true,"href":"https:\/\/hwbk.de\/WordPress_02\/wp-json\/wp\/v2\/users\/1"}],"replies":[{"embeddable":true,"href":"https:\/\/hwbk.de\/WordPress_02\/wp-json\/wp\/v2\/comments?post=1130"}],"version-history":[{"count":5,"href":"https:\/\/hwbk.de\/WordPress_02\/wp-json\/wp\/v2\/posts\/1130\/revisions"}],"predecessor-version":[{"id":1135,"href":"https:\/\/hwbk.de\/WordPress_02\/wp-json\/wp\/v2\/posts\/1130\/revisions\/1135"}],"wp:attachment":[{"href":"https:\/\/hwbk.de\/WordPress_02\/wp-json\/wp\/v2\/media?parent=1130"}],"wp:term":[{"taxonomy":"category","embeddable":true,"href":"https:\/\/hwbk.de\/WordPress_02\/wp-json\/wp\/v2\/categories?post=1130"},{"taxonomy":"post_tag","embeddable":true,"href":"https:\/\/hwbk.de\/WordPress_02\/wp-json\/wp\/v2\/tags?post=1130"}],"curies":[{"name":"wp","href":"https:\/\/api.w.org\/{rel}","templated":true}]}}