{"id":1168,"date":"2014-11-25T09:03:27","date_gmt":"2014-11-25T10:03:27","guid":{"rendered":"http:\/\/blog.hwbk.de\/?p=1168"},"modified":"2014-11-25T09:07:32","modified_gmt":"2014-11-25T10:07:32","slug":"wer-fremde-sprachen-nicht-spricht-weiss-auch-nichts-von-seiner-eigenen-goethe","status":"publish","type":"post","link":"https:\/\/hwbk.de\/WordPress_02\/wer-fremde-sprachen-nicht-spricht-weiss-auch-nichts-von-seiner-eigenen-goethe\/","title":{"rendered":"\u201eWer fremde Sprachen nicht spricht, wei\u00df auch nichts von seiner eigenen.\u201c (Goethe)"},"content":{"rendered":"<p><img loading=\"lazy\" decoding=\"async\" class=\"size-full wp-image-1174 alignleft\" src=\"http:\/\/blog.hwbk.de\/wp-content\/uploads\/2014\/11\/Logo1.jpg\" alt=\"Logo\" width=\"267\" height=\"177\" srcset=\"https:\/\/hwbk.de\/WordPress_02\/wp-content\/uploads\/2014\/11\/Logo1.jpg 267w, https:\/\/hwbk.de\/WordPress_02\/wp-content\/uploads\/2014\/11\/Logo1-128x84.jpg 128w\" sizes=\"auto, (max-width: 267px) 100vw, 267px\" \/>Ankn\u00fcpfend an das erfolgreich gelaufene Integrationsprojekt \u201eSprachsch\u00e4tze der Welt\u201c vom 25. \u2013 29.September 2014 in verschiedenen Einrichtungen des Kreises Paderborn m\u00f6chten wir mit unserem wertsch\u00e4tzenden Engagement dieses Projekt am Informationstag des Helene-Weber-Berufskollegs, am 29. November 2014, unterst\u00fctzen.<\/p>\n<p><!--more--><\/p>\n<p>An unserem Berufskolleg und auch in unserem Berufsfeld in der Arbeit mit Kindern und Jugendlichen treffen viele verschiedene Kulturen und Sprachen aufeinander. Das erfordert von uns als angehende Erzieherinnen und Erzieher, dass wir gut auf Diversit\u00e4ten in der Gesellschaft vorbereitet sind.<\/p>\n<p>Unsere Ausbildung hat im Schwerpunkt Erziehung viele praktische und theoretische Anteile, die notwendiger Bestandteil sind, um den Anforderungen in den sozialp\u00e4dagogischen Institutionen \u2013 unser zuk\u00fcnftiges Arbeitsfeld \u2013 gerecht werden zu k\u00f6nnen.<\/p>\n<p>Einen kleinen Einblick in unsere Arbeit gew\u00e4hren wir am 29.11., an unserem Informationstag, mit folgenden sprachf\u00f6rdernden Angeboten f\u00fcr Kinder:<\/p>\n<ul>\n<li>Bilderbuchbetrachtung \u201eDer Regenbogenfisch\u201c in Deutsch und Englisch<\/li>\n<li>M\u00e4rchenpr\u00e4sentation \u201eDas M\u00e4rchen \u201eDie drei Federn\u201c im Karton<strong>\u00a0<\/strong><\/li>\n<li>Materialien f\u00fcr den Umgang mit der Sprachenvielfalt<\/li>\n<\/ul>\n<p>Wir freuen uns \u00fcber jedes neugierige Gesicht, egal ob Gro\u00df oder Klein, das mit uns gemeinsam in die \u201eWelt der Sprachsch\u00e4tze\u201c\u00a0 hineinschnuppern m\u00f6chte.<\/p>\n<p>F\u00fcr die Verpflegung der Kleinen ist gesorgt! Sie finden uns ab 9:30 Uhr im Raum FK21, im Hauptgeb\u00e4ude des Helene-Weber-Berufskollegs!<\/p>\n<p>Mit lieben Gr\u00fc\u00dfen<\/p>\n<p>Ihre Erzieherinnen und Erzieher-Klasse FSS14b des HWBK<\/p>\n","protected":false},"excerpt":{"rendered":"<p>Ankn\u00fcpfend an das erfolgreich gelaufene Integrationsprojekt \u201eSprachsch\u00e4tze der Welt\u201c vom 25. \u2013 29.September 2014 in verschiedenen Einrichtungen des Kreises Paderborn m\u00f6chten wir mit unserem wertsch\u00e4tzenden Engagement dieses Projekt am Informationstag des Helene-Weber-Berufskollegs, am 29. November 2014, unterst\u00fctzen.<\/p>\n","protected":false},"author":8,"featured_media":0,"comment_status":"closed","ping_status":"closed","sticky":false,"template":"","format":"standard","meta":{"footnotes":""},"categories":[4],"tags":[],"class_list":["post-1168","post","type-post","status-publish","format-standard","hentry","category-artikel"],"_links":{"self":[{"href":"https:\/\/hwbk.de\/WordPress_02\/wp-json\/wp\/v2\/posts\/1168","targetHints":{"allow":["GET"]}}],"collection":[{"href":"https:\/\/hwbk.de\/WordPress_02\/wp-json\/wp\/v2\/posts"}],"about":[{"href":"https:\/\/hwbk.de\/WordPress_02\/wp-json\/wp\/v2\/types\/post"}],"author":[{"embeddable":true,"href":"https:\/\/hwbk.de\/WordPress_02\/wp-json\/wp\/v2\/users\/8"}],"replies":[{"embeddable":true,"href":"https:\/\/hwbk.de\/WordPress_02\/wp-json\/wp\/v2\/comments?post=1168"}],"version-history":[{"count":5,"href":"https:\/\/hwbk.de\/WordPress_02\/wp-json\/wp\/v2\/posts\/1168\/revisions"}],"predecessor-version":[{"id":1176,"href":"https:\/\/hwbk.de\/WordPress_02\/wp-json\/wp\/v2\/posts\/1168\/revisions\/1176"}],"wp:attachment":[{"href":"https:\/\/hwbk.de\/WordPress_02\/wp-json\/wp\/v2\/media?parent=1168"}],"wp:term":[{"taxonomy":"category","embeddable":true,"href":"https:\/\/hwbk.de\/WordPress_02\/wp-json\/wp\/v2\/categories?post=1168"},{"taxonomy":"post_tag","embeddable":true,"href":"https:\/\/hwbk.de\/WordPress_02\/wp-json\/wp\/v2\/tags?post=1168"}],"curies":[{"name":"wp","href":"https:\/\/api.w.org\/{rel}","templated":true}]}}