{"id":1294,"date":"2014-12-11T08:57:37","date_gmt":"2014-12-11T09:57:37","guid":{"rendered":"http:\/\/blog.hwbk.de\/?p=1294"},"modified":"2014-12-19T11:53:59","modified_gmt":"2014-12-19T12:53:59","slug":"festtafel-fuer-obdachlose","status":"publish","type":"post","link":"https:\/\/hwbk.de\/WordPress_02\/festtafel-fuer-obdachlose\/","title":{"rendered":"Festtafel f\u00fcr Obdachlose"},"content":{"rendered":"<div id=\"attachment_1295\" style=\"width: 681px\" class=\"wp-caption alignleft\"><a href=\"http:\/\/blog.hwbk.de\/wp-content\/uploads\/2014\/12\/Zwischenablage01.jpg\"><img loading=\"lazy\" decoding=\"async\" aria-describedby=\"caption-attachment-1295\" class=\"wp-image-1295 size-full\" src=\"http:\/\/blog.hwbk.de\/wp-content\/uploads\/2014\/12\/Zwischenablage01.jpg\" alt=\"Weihnachten f\u00fcr alle - gemeinsam Freude schenken: (v. l.) Wolf Ekkehard Gelbert, Gerhard W\u00f6lfer, Ernst Kuhnt, Christian Eckardt, Manfred M\u00fcller, Gerrit L\u00f6chner, Joachim Veenhof, Burkhard Bernemann, Dirk Tschischke, Carsten Jungewelter, Karl-Heinz Lieb, Rainer Frensemeier, Franz-Peter Kudak und Andreas Czorny. FOTO: KREIS\" width=\"671\" height=\"458\" srcset=\"https:\/\/hwbk.de\/WordPress_02\/wp-content\/uploads\/2014\/12\/Zwischenablage01.jpg 671w, https:\/\/hwbk.de\/WordPress_02\/wp-content\/uploads\/2014\/12\/Zwischenablage01-128x87.jpg 128w, https:\/\/hwbk.de\/WordPress_02\/wp-content\/uploads\/2014\/12\/Zwischenablage01-300x204.jpg 300w\" sizes=\"auto, (max-width: 671px) 100vw, 671px\" \/><\/a><p id=\"caption-attachment-1295\" class=\"wp-caption-text\">Weihnachten f\u00fcr alle &#8211; gemeinsam Freude schenken: (v. l.) Wolf Ekkehard Gelbert, Gerhard W\u00f6lfer, Ernst Kuhnt, Christian Eckardt, Manfred M\u00fcller, Gerrit L\u00f6chner, Joachim Veenhof, Burkhard Bernemann, Dirk Tschischke, Carsten Jungewelter, Karl-Heinz Lieb, Rainer Frensemeier, Franz-Peter Kudak und Andreas Czorny. FOTO: KREIS<\/p><\/div>\n<p class=\"articletextcontinuoustext\">Kreis Paderborn. G\u00fcnther (Name ge\u00e4ndert) hatte das, was man ein gutes Leben nennt. Vor neun Jahren entschied sich der gelernte Elektromechaniker und sp\u00e4tere Entwicklungs- und Serviceingenieur, seinen Traum von der Selbst\u00e4ndigkeit zu verwirklichen. Doch das ging schief. &#8222;Weihnachten 2005 habe ich dann drau\u00dfen im Freien gefeiert&#8220;, erz\u00e4hlt der 53-J\u00e4hrige. &#8222;Ohne festen Wohnsitz&#8220; steht heute in dem Ausweis des Mannes, der seitdem auf der Stra\u00dfe lebt.<\/p>\n<p class=\"articletextcontinuoustext\"><!--more-->&#8222;Das ist nicht immer leicht&#8220;, erz\u00e4hlt er. Gerade in den Wintermonaten, wenn die Temperaturen Richtung Gefrierpunkt sinken, gehe es nicht selten ums nackte \u00dcberleben. &#8222;Wir m\u00f6chten Menschen wie G\u00fcnther das Gef\u00fchl vermitteln, dass sie Teil dieser Gesellschaft sind und wir sie wertsch\u00e4tzen. Deshalb haben wir sie zum zweiten Mal zum Adventsessen eingeladen. Auch wem das Leben derzeit nicht wohlgesonnen ist, soll die Weihnachtsbotschaft sp\u00fcren&#8220;, erkl\u00e4rt Schirmherr Landrat Manfred M\u00fcller.<br \/>\nDie Idee hatte er im letzten Jahr bereits bei Frank Zanders &#8222;Weihnachten f\u00fcr Obdachlose&#8220; abgeguckt. Und so bat er die Malteser Hilfsdienste und den Sozialdienst Katholischer M\u00e4nner (SKM) um Unterst\u00fctzung, die sich schon seit Jahren mit Herzblut f\u00fcr die wohnungslosen M\u00e4nner und Frauen engagieren. 40 von ihnen nahmen die Einladung an. F\u00fcr jeden einzelnen von ihnen war ein Platz an einer festlich gedeckten und weihnachtlich dekorierten Tafel im \u00dcbungsrestaurant des Helene-Weber-Berufskollegs reserviert, auf der schon kurz darauf ein festliches Men\u00fc serviert wurde.<br \/>\nKredenzt wurden ein bunter Salatteller, eine Kr\u00e4utercremesuppe, Tafelspitz mit brauner So\u00dfe, Pommes Macaire, Spitzkohl, abgerundet mit einem gro\u00dfen Dessertb\u00fcffet. An Herd und Backofen standen an diesem Vormittag die (ehrenamtlichen) K\u00f6che von der K\u00f6chevereinigung Paderborner Land. Von dem professionellen Wirken und Werken der kreativen Kochprofis hinter der K\u00fcchent\u00fcr des \u00dcbungsrestaurants im Helene-Weber-Berufskolleg bekamen die G\u00e4ste vorne (bis auf die &#8222;Men\u00fcansage&#8220;) kaum etwas mit. Sie lauschten den weihnachtlichen Kl\u00e4ngen des Schulchores und genossen den Service der angehenden Hotelfachfrauen und -m\u00e4nner.<br \/>\nNicht nur die K\u00f6che, auch die Lehrerinnen und Lehrer, Sch\u00fclerinnen und Sch\u00fcler des Berufskollegs &#8222;waren sofort Feuer und Flamme&#8220; f\u00fcr das gemeinn\u00fctzige Projekt, sagt der Schulleiter des Helene-Weber-Berufskollegs Andreas Czorny.<br \/>\nDie Organisation im Hintergrund \u00fcbernahmen Karl-Heinz Lieb und Franz Peter Kudak von den Maltesern aus H\u00f6velhof. Sie organisierten auch den Fahrdienst zum Berufskolleg. Bei fr\u00fcheren Aktionen verteilten sie bereits belegte Br\u00f6tchen, Geb\u00e4ck zum Rosenmontag, luden die M\u00e4nner und Frauen zu einem gemeinsamen Grillen ein oder stellten f\u00fcr sie selbstgemachte M\u00fctzen und Schals her. In diesem Jahr gab es als Zugabe noch ein Weihnachtsp\u00e4ckchen.<br \/>\n&#8222;Die Gesellschaft ist auf Menschen angewiesen, die Not erkennen und helfen&#8220;, lobte Landrat Manfred M\u00fcller die vorbildliche Arbeit der Vereinsmitglieder. Der Landrat dankte auch dem Katholischen Verein f\u00fcr soziale Dienste in Paderborn e.V. (SKM). Diplom-Sozialarbeiter Joachim Veenhof unterst\u00fctzt gemeinsam mit seinen Kolleginnen und Kollegen t\u00e4glich Menschen wie G\u00fcnter darin, eine neue Zukunftsperspektive zu finden. Dar\u00fcber hinaus h\u00e4lt der SKM station\u00e4re und ambulante Hilfen bereit. &#8222;Das sind wichtige Begleitungen von der Stra\u00dfe wieder in ein &#8222;normales Leben&#8220;, erkl\u00e4rt Joachim Veenhof. Das Sozialkaufhaus, die Kreativwerkstatt und weitere Arbeitspl\u00e4tze im Kreis Paderborn sollen Menschen wie G\u00fcnter die Teilhabe an der Gesellschaft sicherstellen und den Weg in eine selbstbestimmte Existenz ebnen.<\/p>\n","protected":false},"excerpt":{"rendered":"<p>Kreis Paderborn. G\u00fcnther (Name ge\u00e4ndert) hatte das, was man ein gutes Leben nennt. Vor neun Jahren entschied sich der gelernte Elektromechaniker und sp\u00e4tere Entwicklungs- und Serviceingenieur, seinen Traum von der Selbst\u00e4ndigkeit zu verwirklichen. Doch das ging schief. &#8222;Weihnachten 2005 habe &hellip; <a href=\"https:\/\/hwbk.de\/WordPress_02\/festtafel-fuer-obdachlose\/\">Continue reading <span class=\"meta-nav\">&rarr;<\/span><\/a><\/p>\n","protected":false},"author":1,"featured_media":0,"comment_status":"closed","ping_status":"closed","sticky":false,"template":"","format":"standard","meta":{"footnotes":""},"categories":[4],"tags":[],"class_list":["post-1294","post","type-post","status-publish","format-standard","hentry","category-artikel"],"_links":{"self":[{"href":"https:\/\/hwbk.de\/WordPress_02\/wp-json\/wp\/v2\/posts\/1294","targetHints":{"allow":["GET"]}}],"collection":[{"href":"https:\/\/hwbk.de\/WordPress_02\/wp-json\/wp\/v2\/posts"}],"about":[{"href":"https:\/\/hwbk.de\/WordPress_02\/wp-json\/wp\/v2\/types\/post"}],"author":[{"embeddable":true,"href":"https:\/\/hwbk.de\/WordPress_02\/wp-json\/wp\/v2\/users\/1"}],"replies":[{"embeddable":true,"href":"https:\/\/hwbk.de\/WordPress_02\/wp-json\/wp\/v2\/comments?post=1294"}],"version-history":[{"count":2,"href":"https:\/\/hwbk.de\/WordPress_02\/wp-json\/wp\/v2\/posts\/1294\/revisions"}],"predecessor-version":[{"id":1307,"href":"https:\/\/hwbk.de\/WordPress_02\/wp-json\/wp\/v2\/posts\/1294\/revisions\/1307"}],"wp:attachment":[{"href":"https:\/\/hwbk.de\/WordPress_02\/wp-json\/wp\/v2\/media?parent=1294"}],"wp:term":[{"taxonomy":"category","embeddable":true,"href":"https:\/\/hwbk.de\/WordPress_02\/wp-json\/wp\/v2\/categories?post=1294"},{"taxonomy":"post_tag","embeddable":true,"href":"https:\/\/hwbk.de\/WordPress_02\/wp-json\/wp\/v2\/tags?post=1294"}],"curies":[{"name":"wp","href":"https:\/\/api.w.org\/{rel}","templated":true}]}}