{"id":1362,"date":"2015-01-08T11:17:51","date_gmt":"2015-01-08T12:17:51","guid":{"rendered":"http:\/\/blog.hwbk.de\/?p=1362"},"modified":"2015-01-08T12:59:17","modified_gmt":"2015-01-08T13:59:17","slug":"helene-weber-berufskolleg-startet-ins-jubiaeums","status":"publish","type":"post","link":"https:\/\/hwbk.de\/WordPress_02\/helene-weber-berufskolleg-startet-ins-jubiaeums\/","title":{"rendered":"Helene-Weber-Berufskolleg startet ins Jubi\u00e4umsjahr"},"content":{"rendered":"<p><iframe loading=\"lazy\" title=\"Helene Weber TV 2015-01\" width=\"500\" height=\"281\" src=\"https:\/\/www.youtube.com\/embed\/13ZRcBWA6nE?feature=oembed\" frameborder=\"0\" allow=\"accelerometer; autoplay; clipboard-write; encrypted-media; gyroscope; picture-in-picture; web-share\" referrerpolicy=\"strict-origin-when-cross-origin\" allowfullscreen><\/iframe><\/p>\n<p><span class=\"TextRun SCX141807571\" xml:lang=\"DE-DE\"><span class=\"NormalTextRun SCX141807571\">Vor 90 Jahren beschloss der Stadtrat von Paderborn eine <\/span><\/span><span class=\"TextRun SCX141807571\" xml:lang=\"DE-DE\"><span class=\"NormalTextRun SCX141807571\">M\u00e4dchen-Pflicht-Berufsschule zu gr\u00fcnden. Seit dieser Zeit haben viele Sch\u00fclerinn<\/span><\/span><span class=\"TextRun SCX141807571\" xml:lang=\"DE-DE\"><span class=\"NormalTextRun SCX141807571\">en aber auch Sch\u00fcler das Helene-Weber-Berufskolleg besucht. Deshalb planen die Lehrer mit ihren Sch\u00fclern eine Reihe von Aktionen f\u00fcr das Jahr 2015. Den Anfang machten die Klassen der Berufsfachschule f\u00fcr Kinderpflege<\/span><\/span><span class=\"TextRun SCX141807571\" xml:lang=\"DE-DE\"><span class=\"NormalTextRun SCX141807571\"> und die Fachschule f\u00fcr Sozialp\u00e4dagogik mit einem<\/span><\/span><span class=\"TextRun SCX141807571\" xml:lang=\"DE-DE\"><span class=\"NormalTextRun SCX141807571\"> Luftballonflugwettbewerb.<\/span><\/span><\/p>\n<p><!--more-->&#8222;Alle nicht mehr volksschulpflichtigen und in der Stadt Paderborn besch\u00e4ftigten oder wohnhaften unverheirateten weiblichen Personen unter 18 Jahren wurden zum Besuch der neuen Berufsschule verpflichtet,&#8220; zitiert Schulleiter Andreas Czorny die Chronik dieser bekannten Paderborner Bildungseinrichtung. Zun\u00e4chst wurden Fachklassen f\u00fcr Schneiderinnen, Putzmacherinnen und Wei\u00dfn\u00e4herinnen eingerichtet, Berufe, die schon lange nicht mehr in der Schule zu finden sind.<\/p>\n<p>Seit der Zeit hat sich der Name einige Male ge\u00e4ndert.&#8220; St\u00e4dtische M\u00e4dchen-Berufsschule&#8220;, ,,Bildungsst\u00e4tte f\u00fcr Frauenberufe&#8220; (1966), \u201cBildungsst\u00e4tte der Stadt Paderborn&#8220; (1973) und ,,Bildungsst\u00e4tte des Kreises Paderborn (1976). Durch Beschluss des Kreistages am 31.01.1983 bekommt die Schule einen neuen Namen: ,,Helene-Weber-Schule&#8220;. Sie tr\u00e4gt seitdem den Namen einer Frau, die nicht nur 43 Jahre deutscher Geschichte mit gestaltet, sondern deren Mitarbeit im parlamentarischen Rat die Grundwerte unserer demokratischen Gesellschaft mit geformt hat.<\/p>\n<p>Heute liegen die Schwerpunkte der beruflichen Bildung in den Bereichen Gesundheit und Soziales, Ern\u00e4hrung und Hauswirtschaft und Gestaltung. Die Sch\u00fclerinnen und Sch\u00fcler k\u00f6nnen hier alle Abschl\u00fcsse erreichen, vom Hauptschulabschluss bis zur allgemeinen Hochschulreife (&#8222;Vollabitur&#8220;).<\/p>\n<p>Den Auftakt einer langen Reihe von Aktionen in diesem Jahr machte ein Luftballonweitflugwettbewerb. Einen ersten H\u00f6hepunkt stellt der Sparkassenpokal am 20.01.2015 dar. Dieser j\u00e4hrliche Leistungswettbewerb der gastgewerblichen Auszubildenden im Hochstift findet anl\u00e4sslich des Jubil\u00e4ums in den R\u00e4umen des HWBKs statt. Die Sieger qualifizieren sich f\u00fcr die Landesausscheidung.<\/p>\n","protected":false},"excerpt":{"rendered":"<p>Vor 90 Jahren beschloss der Stadtrat von Paderborn eine M\u00e4dchen-Pflicht-Berufsschule zu gr\u00fcnden. Seit dieser Zeit haben viele Sch\u00fclerinnen aber auch Sch\u00fcler das Helene-Weber-Berufskolleg besucht. Deshalb planen die Lehrer mit ihren Sch\u00fclern eine Reihe von Aktionen f\u00fcr das Jahr 2015. Den &hellip; <a href=\"https:\/\/hwbk.de\/WordPress_02\/helene-weber-berufskolleg-startet-ins-jubiaeums\/\">Continue reading <span class=\"meta-nav\">&rarr;<\/span><\/a><\/p>\n","protected":false},"author":1,"featured_media":0,"comment_status":"closed","ping_status":"closed","sticky":false,"template":"","format":"standard","meta":{"footnotes":""},"categories":[4],"tags":[],"class_list":["post-1362","post","type-post","status-publish","format-standard","hentry","category-artikel"],"_links":{"self":[{"href":"https:\/\/hwbk.de\/WordPress_02\/wp-json\/wp\/v2\/posts\/1362","targetHints":{"allow":["GET"]}}],"collection":[{"href":"https:\/\/hwbk.de\/WordPress_02\/wp-json\/wp\/v2\/posts"}],"about":[{"href":"https:\/\/hwbk.de\/WordPress_02\/wp-json\/wp\/v2\/types\/post"}],"author":[{"embeddable":true,"href":"https:\/\/hwbk.de\/WordPress_02\/wp-json\/wp\/v2\/users\/1"}],"replies":[{"embeddable":true,"href":"https:\/\/hwbk.de\/WordPress_02\/wp-json\/wp\/v2\/comments?post=1362"}],"version-history":[{"count":4,"href":"https:\/\/hwbk.de\/WordPress_02\/wp-json\/wp\/v2\/posts\/1362\/revisions"}],"predecessor-version":[{"id":1366,"href":"https:\/\/hwbk.de\/WordPress_02\/wp-json\/wp\/v2\/posts\/1362\/revisions\/1366"}],"wp:attachment":[{"href":"https:\/\/hwbk.de\/WordPress_02\/wp-json\/wp\/v2\/media?parent=1362"}],"wp:term":[{"taxonomy":"category","embeddable":true,"href":"https:\/\/hwbk.de\/WordPress_02\/wp-json\/wp\/v2\/categories?post=1362"},{"taxonomy":"post_tag","embeddable":true,"href":"https:\/\/hwbk.de\/WordPress_02\/wp-json\/wp\/v2\/tags?post=1362"}],"curies":[{"name":"wp","href":"https:\/\/api.w.org\/{rel}","templated":true}]}}