{"id":2160,"date":"2016-06-08T05:11:29","date_gmt":"2016-06-08T06:11:29","guid":{"rendered":"http:\/\/blog.hwbk.de\/?p=2160"},"modified":"2016-06-08T05:14:40","modified_gmt":"2016-06-08T06:14:40","slug":"fluechtlinge-und-gymnasiasten-kochen-gemeinsam-im-berufskolleg","status":"publish","type":"post","link":"https:\/\/hwbk.de\/WordPress_02\/fluechtlinge-und-gymnasiasten-kochen-gemeinsam-im-berufskolleg\/","title":{"rendered":"Fl\u00fcchtlinge und Gymnasiasten kochen gemeinsam im Berufskolleg"},"content":{"rendered":"<div id=\"attachment_2161\" style=\"width: 686px\" class=\"wp-caption aligncenter\"><a href=\"http:\/\/blog.hwbk.de\/wp-content\/uploads\/2016\/06\/image001.jpg\"><img loading=\"lazy\" decoding=\"async\" aria-describedby=\"caption-attachment-2161\" class=\"wp-image-2161 size-large\" src=\"http:\/\/blog.hwbk.de\/wp-content\/uploads\/2016\/06\/image001-1024x742.jpg\" alt=\"Kochaktion\" width=\"676\" height=\"489\" srcset=\"https:\/\/hwbk.de\/WordPress_02\/wp-content\/uploads\/2016\/06\/image001-1024x742.jpg 1024w, https:\/\/hwbk.de\/WordPress_02\/wp-content\/uploads\/2016\/06\/image001-128x92.jpg 128w, https:\/\/hwbk.de\/WordPress_02\/wp-content\/uploads\/2016\/06\/image001-300x217.jpg 300w, https:\/\/hwbk.de\/WordPress_02\/wp-content\/uploads\/2016\/06\/image001-676x489.jpg 676w\" sizes=\"auto, (max-width: 676px) 100vw, 676px\" \/><\/a><p id=\"caption-attachment-2161\" class=\"wp-caption-text\">Es ist angerichtet. Mit den Klassen des Richard-von-Weizs\u00e4cker-Berufskollegs freuen sich Klassenlehrer Christian R\u00f6rig und Kollegin Nicole Guihur-Montalban (1. Reihe von links), Sch\u00fcler Melvin Jedermann (1. Reihe 2. v.r.), Schulsozialarbeiter Tim Burkamp (2. Reihe 2. v.l.) sowie die Lehrerinnen des Helene-Weber-Berufskollegs Olivia Pavlik (2. Reihe 3. v.l.) und Mechthild Alpmann (2. Reihe 4. v.l.).<\/p><\/div>\n<p>Stilsicher wie ein prominenter Fernsehkoch pr\u00e4sentiert Melvin sichtlich stolz und mit viel Humor seine eigenh\u00e4ndig kreierte Caprese und erl\u00e4utert dabei die Zubereitung des italienischen Vorspeisensalates mit Tomaten, Mozzarella, Basilikum und Oliven\u00f6l. Die anwesenden Sch\u00fclerinnen und Sch\u00fcler sind erfreut und klatschen begeistert Beifall. Anschlie\u00dfend stellen Zabi aus Afghanistan und Raghad aus Syrien ihre mit Kartoffeln gef\u00fcllten Teigtaschen, so genannte Bolani, vor und w\u00fcnschen den gespannten Mitsch\u00fclern guten Appetit.<\/p>\n<p><!--more--><\/p>\n<p>Die in der Lehrk\u00fcche des Helene-Weber-Berufskollegs versammelten Jugendlichen sind Sch\u00fclerinnen und Sch\u00fcler des benachbarten Richard-von-Weizs\u00e4cker-Berufskollegs und besuchen die technische Gymnasialklasse und die internationale Klasse. \u201eDie tolle Idee zum gemeinsamen Kochen stammt von unserem Schulsozialarbeiter Tim Burkamp\u201c, lobt Christian R\u00f6rig, Klassenlehrer der internationalen Klasse. Kollegin Nicole Guihur-Montalban, die in beiden Klassen unterrichtet, erg\u00e4nzt: \u201eDie Sch\u00fclerinnen und Sch\u00fcler mussten nicht lange \u00fcberlegen und haben genauso spontan zugesagt wie die Kolleginnen des Helene-Weber-Berufskollegs.\u201c \u00a0Hier stellt Olivia Pavlik zufrieden fest: \u201eNeben Bolani und Caprese haben die Sch\u00fclerinnen und Sch\u00fcler unter anderem K\u00e4sekuchen, Hamburger, Karotten-Kokos-Suppen sowie Nougat- Mascarponecreme gezaubert.\u201c \u201eAu\u00dferdem haben die Jugendlichen nicht nur selbst gekocht, sondern auch alle Zutaten eingekauft und zuhause nach geeigneten Rezepten gesucht\u201c, lobt Kollegin Mechthild Alpmann die gute Vorbereitung und Durchf\u00fchrung durch die beiden Schulklassen.<\/p>\n<p>W\u00e4hrend die Sch\u00fclerinnen und Sch\u00fcler sich bei flotter Musik die selbst zubereiteten und leckeren Speisen munden lassen, fasst Olivia Pavlik die gemeinsame Kochaktion der beiden Berufskollegs zufrieden zusammen: \u201eEs war sch\u00f6n zu beobachten, wie sich die beiden Klassen im Laufe des Projekts immer besser unterst\u00fctzten und austauschten. Gemeinsames Essen, vor allem verbunden mit einer gemeinsamen Vorbereitung, schafft N\u00e4he. Dies gilt f\u00fcr Familien wie auch f\u00fcr Kulturen.\u201c<\/p>\n","protected":false},"excerpt":{"rendered":"<p>Stilsicher wie ein prominenter Fernsehkoch pr\u00e4sentiert Melvin sichtlich stolz und mit viel Humor seine eigenh\u00e4ndig kreierte Caprese und erl\u00e4utert dabei die Zubereitung des italienischen Vorspeisensalates mit Tomaten, Mozzarella, Basilikum und Oliven\u00f6l. Die anwesenden Sch\u00fclerinnen und Sch\u00fcler sind erfreut und klatschen &hellip; <a href=\"https:\/\/hwbk.de\/WordPress_02\/fluechtlinge-und-gymnasiasten-kochen-gemeinsam-im-berufskolleg\/\">Continue reading <span class=\"meta-nav\">&rarr;<\/span><\/a><\/p>\n","protected":false},"author":8,"featured_media":0,"comment_status":"closed","ping_status":"closed","sticky":false,"template":"","format":"standard","meta":{"footnotes":""},"categories":[4],"tags":[],"class_list":["post-2160","post","type-post","status-publish","format-standard","hentry","category-artikel"],"_links":{"self":[{"href":"https:\/\/hwbk.de\/WordPress_02\/wp-json\/wp\/v2\/posts\/2160","targetHints":{"allow":["GET"]}}],"collection":[{"href":"https:\/\/hwbk.de\/WordPress_02\/wp-json\/wp\/v2\/posts"}],"about":[{"href":"https:\/\/hwbk.de\/WordPress_02\/wp-json\/wp\/v2\/types\/post"}],"author":[{"embeddable":true,"href":"https:\/\/hwbk.de\/WordPress_02\/wp-json\/wp\/v2\/users\/8"}],"replies":[{"embeddable":true,"href":"https:\/\/hwbk.de\/WordPress_02\/wp-json\/wp\/v2\/comments?post=2160"}],"version-history":[{"count":6,"href":"https:\/\/hwbk.de\/WordPress_02\/wp-json\/wp\/v2\/posts\/2160\/revisions"}],"predecessor-version":[{"id":2167,"href":"https:\/\/hwbk.de\/WordPress_02\/wp-json\/wp\/v2\/posts\/2160\/revisions\/2167"}],"wp:attachment":[{"href":"https:\/\/hwbk.de\/WordPress_02\/wp-json\/wp\/v2\/media?parent=2160"}],"wp:term":[{"taxonomy":"category","embeddable":true,"href":"https:\/\/hwbk.de\/WordPress_02\/wp-json\/wp\/v2\/categories?post=2160"},{"taxonomy":"post_tag","embeddable":true,"href":"https:\/\/hwbk.de\/WordPress_02\/wp-json\/wp\/v2\/tags?post=2160"}],"curies":[{"name":"wp","href":"https:\/\/api.w.org\/{rel}","templated":true}]}}