{"id":2212,"date":"2016-09-24T07:52:51","date_gmt":"2016-09-24T08:52:51","guid":{"rendered":"http:\/\/blog.hwbk.de\/?p=2212"},"modified":"2024-06-19T12:27:28","modified_gmt":"2024-06-19T13:27:28","slug":"schuelerinnen-mit-dem-foerderschwerpunkt-geistige-entwicklung-am-hwbk","status":"publish","type":"post","link":"https:\/\/hwbk.de\/WordPress_02\/schuelerinnen-mit-dem-foerderschwerpunkt-geistige-entwicklung-am-hwbk\/","title":{"rendered":"Sch\u00fcler\/innen mit dem F\u00f6rderschwerpunkt geistige Entwicklung am HWBK"},"content":{"rendered":"<p>Seit dem Schuljahr 2013\/14 bietet das Helene-Weber-Berufskolleg eine Klasse f\u00fcr Sch\u00fclerinnen und Sch\u00fcler mit dem F\u00f6rderschwerpunkt geistige Entwicklung an. In der eingerichteten Klasse (AVPLI) im Bereich der Ausbildungsvorbereitung befinden sich aktuell 11 Sch\u00fclerinnen und Sch\u00fcler.<\/p>\n<p><a href=\"http:\/\/hwbk.de\/WordPress_02\/wp-content\/uploads\/2016\/09\/AVPLI-2.jpg\"><img loading=\"lazy\" decoding=\"async\" class=\"size-medium wp-image-6631 alignleft\" src=\"http:\/\/hwbk.de\/WordPress_02\/wp-content\/uploads\/2016\/09\/AVPLI-2-300x200.jpg\" alt=\"\" width=\"300\" height=\"200\" srcset=\"https:\/\/hwbk.de\/WordPress_02\/wp-content\/uploads\/2016\/09\/AVPLI-2-300x200.jpg 300w, https:\/\/hwbk.de\/WordPress_02\/wp-content\/uploads\/2016\/09\/AVPLI-2-128x85.jpg 128w, https:\/\/hwbk.de\/WordPress_02\/wp-content\/uploads\/2016\/09\/AVPLI-2.jpg 534w\" sizes=\"auto, (max-width: 300px) 100vw, 300px\" \/><\/a>Neben den \u201eherk\u00f6mmlichen\u201c F\u00e4chern steht der \u201ePausenladen\u201c im Zentrum des Unterrichts. Hier findet Inklusionsunterricht im Rahmen der Fachpraxis statt. Daf\u00fcr arbeiten die Sch\u00fclerinnen und Sch\u00fcler in drei Fachpraxisgruppen in der Backstube, in der Gro\u00dfk\u00fcche und einer haushaltsnahen K\u00fcche mit einer weiteren Klasse der Ausbildungsvorbereitung zusammen.<\/p>\n<p><a href=\"http:\/\/hwbk.de\/WordPress_02\/wp-content\/uploads\/2016\/09\/AVPLI-3.jpg\"><img loading=\"lazy\" decoding=\"async\" class=\"alignleft wp-image-6632 \" src=\"http:\/\/hwbk.de\/WordPress_02\/wp-content\/uploads\/2016\/09\/AVPLI-3-128x85.jpg\" alt=\"\" width=\"160\" height=\"106\" srcset=\"https:\/\/hwbk.de\/WordPress_02\/wp-content\/uploads\/2016\/09\/AVPLI-3-128x85.jpg 128w, https:\/\/hwbk.de\/WordPress_02\/wp-content\/uploads\/2016\/09\/AVPLI-3-300x200.jpg 300w, https:\/\/hwbk.de\/WordPress_02\/wp-content\/uploads\/2016\/09\/AVPLI-3.jpg 339w\" sizes=\"auto, (max-width: 160px) 100vw, 160px\" \/><\/a>Im Rahmen des Pausenladens werden zweimal in der Woche Mittagessen, Snacks und Waffeln angeboten. Die Sch\u00fclerinnen und Sch\u00fcler sind auch f\u00fcr den Einkauf, die Verarbeitung der Lebensmittel und deren Verkauf verantwortlich.<\/p>\n<p>Au\u00dferschulische Praktika erm\u00f6glichen den Sch\u00fclerinnen und Sch\u00fclern, sich in verschiedenen Berufsbereichen zu erproben.<\/p>\n<p>Die Betreuung erfolgt durch die Klassenlehrerin sowie Integrationskr\u00e4ften, in enger Zusammenarbeit mit dem Integrationsfachdienst und den Eltern. Dadurch werden auch die Weichen f\u00fcr eine m\u00f6gliche Berufst\u00e4tigkeit nach der Schule gestellt.<\/p>\n","protected":false},"excerpt":{"rendered":"<p>Seit dem Schuljahr 2013\/14 bietet das Helene-Weber-Berufskolleg eine Klasse f\u00fcr Sch\u00fclerinnen und Sch\u00fcler mit dem F\u00f6rderschwerpunkt geistige Entwicklung an. In der eingerichteten Klasse (AVPLI) im Bereich der Ausbildungsvorbereitung befinden sich aktuell 11 Sch\u00fclerinnen und Sch\u00fcler. Neben den \u201eherk\u00f6mmlichen\u201c F\u00e4chern steht &hellip; <a href=\"https:\/\/hwbk.de\/WordPress_02\/schuelerinnen-mit-dem-foerderschwerpunkt-geistige-entwicklung-am-hwbk\/\">Continue reading <span class=\"meta-nav\">&rarr;<\/span><\/a><\/p>\n","protected":false},"author":8,"featured_media":0,"comment_status":"closed","ping_status":"closed","sticky":false,"template":"","format":"standard","meta":{"footnotes":""},"categories":[4],"tags":[],"class_list":["post-2212","post","type-post","status-publish","format-standard","hentry","category-artikel"],"_links":{"self":[{"href":"https:\/\/hwbk.de\/WordPress_02\/wp-json\/wp\/v2\/posts\/2212","targetHints":{"allow":["GET"]}}],"collection":[{"href":"https:\/\/hwbk.de\/WordPress_02\/wp-json\/wp\/v2\/posts"}],"about":[{"href":"https:\/\/hwbk.de\/WordPress_02\/wp-json\/wp\/v2\/types\/post"}],"author":[{"embeddable":true,"href":"https:\/\/hwbk.de\/WordPress_02\/wp-json\/wp\/v2\/users\/8"}],"replies":[{"embeddable":true,"href":"https:\/\/hwbk.de\/WordPress_02\/wp-json\/wp\/v2\/comments?post=2212"}],"version-history":[{"count":6,"href":"https:\/\/hwbk.de\/WordPress_02\/wp-json\/wp\/v2\/posts\/2212\/revisions"}],"predecessor-version":[{"id":6679,"href":"https:\/\/hwbk.de\/WordPress_02\/wp-json\/wp\/v2\/posts\/2212\/revisions\/6679"}],"wp:attachment":[{"href":"https:\/\/hwbk.de\/WordPress_02\/wp-json\/wp\/v2\/media?parent=2212"}],"wp:term":[{"taxonomy":"category","embeddable":true,"href":"https:\/\/hwbk.de\/WordPress_02\/wp-json\/wp\/v2\/categories?post=2212"},{"taxonomy":"post_tag","embeddable":true,"href":"https:\/\/hwbk.de\/WordPress_02\/wp-json\/wp\/v2\/tags?post=2212"}],"curies":[{"name":"wp","href":"https:\/\/api.w.org\/{rel}","templated":true}]}}