{"id":5507,"date":"2021-09-27T13:45:36","date_gmt":"2021-09-27T14:45:36","guid":{"rendered":"http:\/\/hwbk.de\/WordPress_02\/?p=5507"},"modified":"2021-10-01T08:06:44","modified_gmt":"2021-10-01T09:06:44","slug":"nachruf-jo-hasler-verstorben","status":"publish","type":"post","link":"https:\/\/hwbk.de\/WordPress_02\/nachruf-jo-hasler-verstorben\/","title":{"rendered":"Nachruf &#8211; Jo Hasler und Werner Ackers verstorben"},"content":{"rendered":"\n<p>Unsere ehemaligen Kollegen Jo Hasler und Werner Ackers sind in der vergangenen Woche verstorben.<\/p>\n\n\n\n<p>W\u00e4hrend Jo Hasler im hohen Alter von 90 Jahren verstarb, verungl\u00fcckte Werner Ackers im Alter von nur 64 Jahren im Stra\u00dfenverkehr t\u00f6dlich.<\/p>\n\n\n\n<p>Jo Hasler kam 1972 als Fachlehrer f\u00fcr Kindererziehung und Werken zum HWBK. Er erwarb durch Abschluss eines Zusatzstudiums die Lehrbef\u00e4higung als Lehrer an berufsbildenden Schulen im Fach P\u00e4dagogik.<\/p>\n\n\n\n<p>1980 wurde er zum Oberstudienrat bef\u00f6rdert.<\/p>\n\n\n\n<p>1993 ging Jo Hasler in den wohlverdienten Ruhestand.<\/p>\n\n\n\n<p>Jo Hasler hatte einen interessanten Lebenslauf, der seine Profession als Lehrer sehr pr\u00e4gte: Nach der Priesterweihe und mehrj\u00e4hriger Missionarst\u00e4tigkeit in S\u00fcdafrika und einem berufsbegleitenden Kunststudium, lie\u00df er sich laisieren, erwarb 1972 die Lehrbef\u00e4higung f\u00fcr Kindererziehung und Werken (in Bayern) und schloss das Lehramtsstudium im Fach P\u00e4dagogik berufsbegleitend 1976 ab.<\/p>\n\n\n\n<p>Jo Hasler waren die ihm anvertrauten Menschen mindestens genauso wichtig, wie die Vermittlung von Wissen. Seine sehr empathische Art pr\u00e4gte in unserem Haus eine ganze Generation von Sch\u00fclerinnen und Sch\u00fcler, vor allem im Fachbereich der Sozialp\u00e4dagogik. In der Kooperation mit den sozp\u00e4d. Einrichtungen war Jo Hasler ein kompetenter und sympathischer Botschafter unseres BKs. Als Kollege war er jederzeit sehr zugewandt, hilfsbereit und kollegial.<\/p>\n\n\n\n<p>Gro\u00dfe Verdienste erwarb sich Jo Hasler durch sein soziales Engagement zu Gunsten der Entwicklungshilfe in Afrika. Er entwickelte in den 80er Jahren eine mobile Solarkochstelle, die es der Bev\u00f6lkerung erm\u00f6glichte, auch ohne Stromanschluss eine zuverl\u00e4ssige Heiz- bzw. Kochstelle zu nutzen.<\/p>\n\n\n\n<p>Werner Ackers wurde 1996 vom H. Lietz-Gymnasium auf Spiekeroog zum HWBK versetzt und unterrichtete an unserem BK die F\u00e4cher Deutsch und Sowi. 2004 lie\u00df er sich in seiner Heimat Krefeld an das V.-Beckers-Berufskolleg versetzen, um seine Mutter unterst\u00fctzen zu k\u00f6nnen.<\/p>\n\n\n\n<p>Kollege Ackers wurde \u00fcberwiegend in der Anlage D und E eingesetzt, und hatte sich schon in sehr kurzer Zeit eine hohe Reputation erarbeitet.<\/p>\n\n\n\n<p>Fachlich galt er schnell als Experte seiner F\u00e4cher. In ausgedehnten Fachgespr\u00e4chen konnte Werner Ackers sein Wissen und seine Erfahrungen weitergeben.<\/p>\n\n\n\n<p>Den Sch\u00fclerinnen und Sch\u00fclern gegen\u00fcber war er sehr zugewandt und stand ihnen jederzeit auch au\u00dferhalb des Unterrichts beratend zur Verf\u00fcgung.<\/p>\n\n\n\n<p>Als Lehrer und Kollege wurde er wegen seiner sympathischen Art sehr gesch\u00e4tzt.<\/p>\n\n\n\n<p>Die Trauerfeier f\u00fcr Jo Hasler findet am Sa., den 02.10. um 09.00 Uhr in der Kapelle des Friedhofes \u201eAuf dem D\u00f6ren\u201c statt. Anschlie\u00dfend ist die Beisetzung.<\/p>\n\n\n\n<p>Die Beisetzung von Werner Ackers findet am 27.09. um 13.00 Uhr in Krefeld statt. Das HWBK trauert um zwei liebenswerte Kollegen, die sich besonders um die Aus- und Weiterbildung unserer Sch\u00fclerinnen und Sch\u00fcler sehr verdient gemacht und deutliche Spuren hinterlassen haben. Wir werden beide in dankbarer Erinnerung behalten.<\/p>\n","protected":false},"excerpt":{"rendered":"<p>Unsere ehemaligen Kollegen Jo Hasler und Werner Ackers sind in der vergangenen Woche verstorben. W\u00e4hrend Jo Hasler im hohen Alter von 90 Jahren verstarb, verungl\u00fcckte Werner Ackers im Alter von nur 64 Jahren im Stra\u00dfenverkehr t\u00f6dlich. Jo Hasler kam 1972 &hellip; <a href=\"https:\/\/hwbk.de\/WordPress_02\/nachruf-jo-hasler-verstorben\/\">Continue reading <span class=\"meta-nav\">&rarr;<\/span><\/a><\/p>\n","protected":false},"author":8,"featured_media":0,"comment_status":"closed","ping_status":"closed","sticky":false,"template":"","format":"standard","meta":{"footnotes":""},"categories":[4],"tags":[],"class_list":["post-5507","post","type-post","status-publish","format-standard","hentry","category-artikel"],"_links":{"self":[{"href":"https:\/\/hwbk.de\/WordPress_02\/wp-json\/wp\/v2\/posts\/5507","targetHints":{"allow":["GET"]}}],"collection":[{"href":"https:\/\/hwbk.de\/WordPress_02\/wp-json\/wp\/v2\/posts"}],"about":[{"href":"https:\/\/hwbk.de\/WordPress_02\/wp-json\/wp\/v2\/types\/post"}],"author":[{"embeddable":true,"href":"https:\/\/hwbk.de\/WordPress_02\/wp-json\/wp\/v2\/users\/8"}],"replies":[{"embeddable":true,"href":"https:\/\/hwbk.de\/WordPress_02\/wp-json\/wp\/v2\/comments?post=5507"}],"version-history":[{"count":3,"href":"https:\/\/hwbk.de\/WordPress_02\/wp-json\/wp\/v2\/posts\/5507\/revisions"}],"predecessor-version":[{"id":5517,"href":"https:\/\/hwbk.de\/WordPress_02\/wp-json\/wp\/v2\/posts\/5507\/revisions\/5517"}],"wp:attachment":[{"href":"https:\/\/hwbk.de\/WordPress_02\/wp-json\/wp\/v2\/media?parent=5507"}],"wp:term":[{"taxonomy":"category","embeddable":true,"href":"https:\/\/hwbk.de\/WordPress_02\/wp-json\/wp\/v2\/categories?post=5507"},{"taxonomy":"post_tag","embeddable":true,"href":"https:\/\/hwbk.de\/WordPress_02\/wp-json\/wp\/v2\/tags?post=5507"}],"curies":[{"name":"wp","href":"https:\/\/api.w.org\/{rel}","templated":true}]}}