{"id":6069,"date":"2023-02-02T12:59:11","date_gmt":"2023-02-02T13:59:11","guid":{"rendered":"http:\/\/hwbk.de\/WordPress_02\/?p=6069"},"modified":"2023-02-02T13:01:17","modified_gmt":"2023-02-02T14:01:17","slug":"eine-aera-am-helene-weber-berufskolleg-geht-zu-ende-schulleiter-andreas-czorny-wird-verabschiedet","status":"publish","type":"post","link":"https:\/\/hwbk.de\/WordPress_02\/eine-aera-am-helene-weber-berufskolleg-geht-zu-ende-schulleiter-andreas-czorny-wird-verabschiedet\/","title":{"rendered":"Eine \u00c4ra am Helene-Weber-Berufskolleg geht zu Ende \u2013 Schulleiter Andreas Czorny wird verabschiedet"},"content":{"rendered":"\n<p>Im Rahmen einer stimmungsvollen Feierstunde wurde Herr Oberstudiendirektor Andreas Czorny nach 38 Dienstjahren am Helene-Weber-Berufskolleg in den Ruhestand verabschiedet. Auf Einladung von Landrat Christoph R\u00fcther versammelten sich Vertreterinnen und Vertreter der Bezirksregierung Detmold, des Kreises Paderborn, der Elternschaft, der Sch\u00fclerschaft sowie Kolleginnen und Kollegen des Helene-Weber-Berufskollegs, um Andreas Czorny einen besonderen und emotionalen Abschied zu bereiten. Die Redebeitr\u00e4ge w\u00fcrdigten die Verdienste von Herrn Czorny, der 2004 Schulleiter am Helene-Weber-Berufskolleg wurde.<\/p>\n\n\n\n<p>Landrat Christoph R\u00fcther hob besonders die st\u00e4ndige Weiterentwicklung des Helene-Weber-BKs durch Herrn Czorny hervor und wies beispielhaft auf das NRW-weit einmalige Inklusionsprojekt hin, wodurch die gemeinsame Bildung von Jugendlichen mit und ohne F\u00f6rderbedarf erm\u00f6glicht wird. Der Erfolg dieses Projektes spiegelt die herausragenden sozialen Kompetenzen von Herrn Czorny wider. Er fungierte stets als empathischer Kommunikationspartner mit gro\u00dfer Sachkenntnis.<\/p>\n\n\n\n<p>Ein weiterer Beleg f\u00fcr seine F\u00fchrungskompetenzen zeigte sich in der letzten Qualit\u00e4tsanalyse des Landes NRW. Das Helene-Weber-Berufskolleg ist demnach ein Lernort, an dem sich Sch\u00fclerinnen und Sch\u00fcler und das Kollegium gleicherma\u00dfen mit Wertsch\u00e4tzung begegnen und somit eine Grundlage f\u00fcr den Lernerfolg in Theorie und Praxis gelegt wird.<\/p>\n\n\n\n<div class=\"wp-block-media-text alignwide is-stacked-on-mobile\" style=\"grid-template-columns:31% auto\"><figure class=\"wp-block-media-text__media\"><img loading=\"lazy\" decoding=\"async\" width=\"1024\" height=\"684\" src=\"https:\/\/hwbk.de\/WordPress_02\/wp-content\/uploads\/2023\/02\/ZIMG_5347-1024x684.jpg\" alt=\"\" class=\"wp-image-6071 size-full\" srcset=\"https:\/\/hwbk.de\/WordPress_02\/wp-content\/uploads\/2023\/02\/ZIMG_5347-1024x684.jpg 1024w, https:\/\/hwbk.de\/WordPress_02\/wp-content\/uploads\/2023\/02\/ZIMG_5347-300x200.jpg 300w, https:\/\/hwbk.de\/WordPress_02\/wp-content\/uploads\/2023\/02\/ZIMG_5347-128x86.jpg 128w, https:\/\/hwbk.de\/WordPress_02\/wp-content\/uploads\/2023\/02\/ZIMG_5347-768x513.jpg 768w, https:\/\/hwbk.de\/WordPress_02\/wp-content\/uploads\/2023\/02\/ZIMG_5347-1536x1027.jpg 1536w, https:\/\/hwbk.de\/WordPress_02\/wp-content\/uploads\/2023\/02\/ZIMG_5347-2048x1369.jpg 2048w\" sizes=\"auto, (max-width: 1024px) 100vw, 1024px\" \/><\/figure><div class=\"wp-block-media-text__content\">\n<blockquote class=\"wp-block-quote is-layout-flow wp-block-quote-is-layout-flow\"><p><em>Volker Hildesheim fand wertsch\u00e4tzende Worte und bedankte sich im Rahmen der Elternschaft f\u00fcr die Arbeit von Herrn Czorny.<\/em><\/p><\/blockquote>\n<\/div><\/div>\n\n\n\n<p>Die Sch\u00fclersprecherin G\u00fclberi Ay und ihr Stellvertreter Mahmut Abdioglu sowie der Elternvertreter Volker Hildesheim unterstrichen, dass Andreas Czorny die offene und kommunikative Atmosph\u00e4re des HWBK ma\u00dfgeblich gepr\u00e4gt hat. An diesen \u00c4u\u00dferungen wird deutlich, dass Herr Czorny sich der Schulgemeinde auf Augenh\u00f6he, respektvoll und wertsch\u00e4tzend zeigte.<\/p>\n\n\n\n<p>Das Kollegium, in Person der stellvertretenden Schulleiterin Frau Alexa B\u00f6hmer w\u00fcrdigte sein gro\u00dfes Engagement f\u00fcr das Helene-Weber-Berufskolleg. Die Schulband verabschiedete ihn mit einem musikalischen Auftritt zum Lied \u201cAnother brick in the wall\u201d, was perfekt zu seinem p\u00e4dagogischen Selbstverst\u00e4ndnis passt.<\/p>\n","protected":false},"excerpt":{"rendered":"<p>Im Rahmen einer stimmungsvollen Feierstunde wurde Herr Oberstudiendirektor Andreas Czorny nach 38 Dienstjahren am Helene-Weber-Berufskolleg in den Ruhestand verabschiedet. Auf Einladung von Landrat Christoph R\u00fcther versammelten sich Vertreterinnen und Vertreter der Bezirksregierung Detmold, des Kreises Paderborn, der Elternschaft, der Sch\u00fclerschaft &hellip; <a href=\"https:\/\/hwbk.de\/WordPress_02\/eine-aera-am-helene-weber-berufskolleg-geht-zu-ende-schulleiter-andreas-czorny-wird-verabschiedet\/\">Continue reading <span class=\"meta-nav\">&rarr;<\/span><\/a><\/p>\n","protected":false},"author":8,"featured_media":6070,"comment_status":"closed","ping_status":"closed","sticky":false,"template":"","format":"standard","meta":{"footnotes":""},"categories":[4],"tags":[],"class_list":["post-6069","post","type-post","status-publish","format-standard","has-post-thumbnail","hentry","category-artikel"],"_links":{"self":[{"href":"https:\/\/hwbk.de\/WordPress_02\/wp-json\/wp\/v2\/posts\/6069","targetHints":{"allow":["GET"]}}],"collection":[{"href":"https:\/\/hwbk.de\/WordPress_02\/wp-json\/wp\/v2\/posts"}],"about":[{"href":"https:\/\/hwbk.de\/WordPress_02\/wp-json\/wp\/v2\/types\/post"}],"author":[{"embeddable":true,"href":"https:\/\/hwbk.de\/WordPress_02\/wp-json\/wp\/v2\/users\/8"}],"replies":[{"embeddable":true,"href":"https:\/\/hwbk.de\/WordPress_02\/wp-json\/wp\/v2\/comments?post=6069"}],"version-history":[{"count":4,"href":"https:\/\/hwbk.de\/WordPress_02\/wp-json\/wp\/v2\/posts\/6069\/revisions"}],"predecessor-version":[{"id":6076,"href":"https:\/\/hwbk.de\/WordPress_02\/wp-json\/wp\/v2\/posts\/6069\/revisions\/6076"}],"wp:featuredmedia":[{"embeddable":true,"href":"https:\/\/hwbk.de\/WordPress_02\/wp-json\/wp\/v2\/media\/6070"}],"wp:attachment":[{"href":"https:\/\/hwbk.de\/WordPress_02\/wp-json\/wp\/v2\/media?parent=6069"}],"wp:term":[{"taxonomy":"category","embeddable":true,"href":"https:\/\/hwbk.de\/WordPress_02\/wp-json\/wp\/v2\/categories?post=6069"},{"taxonomy":"post_tag","embeddable":true,"href":"https:\/\/hwbk.de\/WordPress_02\/wp-json\/wp\/v2\/tags?post=6069"}],"curies":[{"name":"wp","href":"https:\/\/api.w.org\/{rel}","templated":true}]}}