{"id":6465,"date":"2023-12-13T08:02:13","date_gmt":"2023-12-13T09:02:13","guid":{"rendered":"http:\/\/hwbk.de\/WordPress_02\/?p=6465"},"modified":"2023-12-13T08:03:23","modified_gmt":"2023-12-13T09:03:23","slug":"praxis-trifft-schule-die-eutb-im-helene-weber-berufskolleg","status":"publish","type":"post","link":"https:\/\/hwbk.de\/WordPress_02\/praxis-trifft-schule-die-eutb-im-helene-weber-berufskolleg\/","title":{"rendered":"Praxis trifft Schule \u2013 Die EUTB\u00ae im Helene-Weber-Berufskolleg"},"content":{"rendered":"\n<p>Zum dritten Mal traf die Erg\u00e4nzende unabh\u00e4ngige Teilhabeberatung (EUTB\u00ae) auf Sch\u00fcler*innen des Helene-Weber-Berufskollegs. Eingeladen hatte die Klassenlehrerin Maren Reinecke, die am beruflichen Gymnasium f\u00fcr Gesundheit und Soziales im Bildungsgang Gesundheit unterrichtet. Im Rahmen der j\u00e4hrlichen Projektwoche Ende November setzten sich die Sch\u00fcler*innen in einem praxisnahen Workshop mit dem Thema \u201eInklusion in der Gesellschaft\u201c auseinander. Die Beraterin Alexandra Mader von der EUTB\u00ae stellte die Arbeit der Beratungsstelle f\u00fcr Menschen mit Behinderung und deren Angeh\u00f6rige sowie die UN-Behindertenrechtskonvention vor. <\/p>\n\n\n\n<p>Danach wurde es dann praktisch mit einem gemeinsamen Barrierecheck der Schule, einem Inklusionsbingo und einem Interview mit Georges Gourie, Vorsitzender des Vereins f\u00fcr Menschen mit Behinderung im Hochstift. Er gab Einblicke in seinen Alltag, den er mit Unterst\u00fctzung seiner Assistent*innen selbstbestimmt gestaltet. \u201eInklusion ist nicht nur Theorie, sondern es ist wichtig, sich der eigenen Ber\u00fchrungspunkte bewusst zu werden\u201c stellt Alexandra Mader klar. \u201eKenne ich Menschen mit Behinderung in meinem eigenen Umfeld? Was z\u00e4hlt eigentlich als Behinderung? Wo gibt es Barrieren, die ich gar nicht wahrnehme?\u201c Besonders eindr\u00fccklich waren die Beitr\u00e4ge von Georges Gourie f\u00fcr die Sch\u00fcler*innen, aber auch f\u00fcr die Lehrerinnen. \u201eMit meinen Assistent*innen kann ich so leben, wie ich es will. Ich bin unabh\u00e4ngig von der Hilfe meiner Familie oder Freunden und entscheide selbst, was ich machen will. Das ist ein riesiger Fortschritt zu fr\u00fcher. Dennoch sto\u00dfe ich in meinem Rollstuhl nat\u00fcrlich immer wieder auf Barrieren, vor allem in den K\u00f6pfen der Menschen. Das will ich ver\u00e4ndern\u201c beschreibt Georges Gourie seine Motivation, sich den Fragen der Sch\u00fcler*innen zu stellen.<\/p>\n\n\n\n<figure class=\"wp-block-image size-full is-resized\"><img loading=\"lazy\" decoding=\"async\" src=\"https:\/\/hwbk.de\/WordPress_02\/wp-content\/uploads\/2023\/12\/EUTB-2.jpg\" alt=\"\" class=\"wp-image-6468\" width=\"501\" height=\"415\" srcset=\"https:\/\/hwbk.de\/WordPress_02\/wp-content\/uploads\/2023\/12\/EUTB-2.jpg 906w, https:\/\/hwbk.de\/WordPress_02\/wp-content\/uploads\/2023\/12\/EUTB-2-300x249.jpg 300w, https:\/\/hwbk.de\/WordPress_02\/wp-content\/uploads\/2023\/12\/EUTB-2-128x106.jpg 128w, https:\/\/hwbk.de\/WordPress_02\/wp-content\/uploads\/2023\/12\/EUTB-2-768x637.jpg 768w\" sizes=\"auto, (max-width: 501px) 100vw, 501px\" \/><\/figure>\n\n\n\n<p>\u201eWir freuen uns immer sehr, G\u00e4ste aus der Praxis begr\u00fc\u00dfen zu d\u00fcrfen und m\u00f6chten dieses Angebot auch f\u00fcr unsere kommenden Abiturienten erm\u00f6glichen\u201c, sagt Susanne Tietje-Gro\u00df, Schulleiterin des Helene-Weber-Berufskolleg und bedankt sich pers\u00f6nlich bei den Referent*innen. Die EUTB\u00ae im Kreis Paderborn wird gef\u00f6rdert durch das Bundesministerium f\u00fcr Arbeit und Soziales.<\/p>\n","protected":false},"excerpt":{"rendered":"<p>Zum dritten Mal traf die Erg\u00e4nzende unabh\u00e4ngige Teilhabeberatung (EUTB\u00ae) auf Sch\u00fcler*innen des Helene-Weber-Berufskollegs. Eingeladen hatte die Klassenlehrerin Maren Reinecke, die am beruflichen Gymnasium f\u00fcr Gesundheit und Soziales im Bildungsgang Gesundheit unterrichtet. Im Rahmen der j\u00e4hrlichen Projektwoche Ende November setzten sich &hellip; <a href=\"https:\/\/hwbk.de\/WordPress_02\/praxis-trifft-schule-die-eutb-im-helene-weber-berufskolleg\/\">Continue reading <span class=\"meta-nav\">&rarr;<\/span><\/a><\/p>\n","protected":false},"author":8,"featured_media":6466,"comment_status":"closed","ping_status":"closed","sticky":false,"template":"","format":"standard","meta":{"footnotes":""},"categories":[4],"tags":[],"class_list":["post-6465","post","type-post","status-publish","format-standard","has-post-thumbnail","hentry","category-artikel"],"_links":{"self":[{"href":"https:\/\/hwbk.de\/WordPress_02\/wp-json\/wp\/v2\/posts\/6465","targetHints":{"allow":["GET"]}}],"collection":[{"href":"https:\/\/hwbk.de\/WordPress_02\/wp-json\/wp\/v2\/posts"}],"about":[{"href":"https:\/\/hwbk.de\/WordPress_02\/wp-json\/wp\/v2\/types\/post"}],"author":[{"embeddable":true,"href":"https:\/\/hwbk.de\/WordPress_02\/wp-json\/wp\/v2\/users\/8"}],"replies":[{"embeddable":true,"href":"https:\/\/hwbk.de\/WordPress_02\/wp-json\/wp\/v2\/comments?post=6465"}],"version-history":[{"count":3,"href":"https:\/\/hwbk.de\/WordPress_02\/wp-json\/wp\/v2\/posts\/6465\/revisions"}],"predecessor-version":[{"id":6471,"href":"https:\/\/hwbk.de\/WordPress_02\/wp-json\/wp\/v2\/posts\/6465\/revisions\/6471"}],"wp:featuredmedia":[{"embeddable":true,"href":"https:\/\/hwbk.de\/WordPress_02\/wp-json\/wp\/v2\/media\/6466"}],"wp:attachment":[{"href":"https:\/\/hwbk.de\/WordPress_02\/wp-json\/wp\/v2\/media?parent=6465"}],"wp:term":[{"taxonomy":"category","embeddable":true,"href":"https:\/\/hwbk.de\/WordPress_02\/wp-json\/wp\/v2\/categories?post=6465"},{"taxonomy":"post_tag","embeddable":true,"href":"https:\/\/hwbk.de\/WordPress_02\/wp-json\/wp\/v2\/tags?post=6465"}],"curies":[{"name":"wp","href":"https:\/\/api.w.org\/{rel}","templated":true}]}}