{"id":6650,"date":"2024-06-04T05:32:24","date_gmt":"2024-06-04T06:32:24","guid":{"rendered":"http:\/\/hwbk.de\/WordPress_02\/?p=6650"},"modified":"2024-06-04T05:35:26","modified_gmt":"2024-06-04T06:35:26","slug":"20-jahre-via-helene","status":"publish","type":"post","link":"https:\/\/hwbk.de\/WordPress_02\/20-jahre-via-helene\/","title":{"rendered":"20 Jahre Via Helene"},"content":{"rendered":"\n<p><strong>Projekt f\u00fcr Jugendliche ohne Berufsausbildung feiert Jubil\u00e4um<\/strong><\/p>\n\n\n\n<p><em>Kreis Paderborn (KRPB).<\/em>&nbsp;Jugendlichen ohne Berufsausbildung eine Alltagsstruktur bieten, um sie bestm\u00f6glich auf das weitere Leben vorzubereiten \u2013 das ist das Ziel des einzigartigen Projektes Via Helene. Seit seiner Gr\u00fcndung im Dezember 2004 am Helene-Weber-Berufskolleg hat sich das Projekt als wegweisend in der Unterst\u00fctzung junger Menschen etabliert. \u201eDass dieses Projekt seit 20 Jahren besteht zeigt, dass die Bedarfe da sind und wir an der richtigen Stelle unterst\u00fctzen\u201c freut sich Annette M\u00fchlenhoff, Dezernentin des Kreises Paderborn.<\/p>\n\n\n\n<p>\u201eDie Systeme Schule und Jugendhilfe gehen gut miteinander, wenn die richtigen Menschen mit dem richtigen Engagement, der richtigen Kompetenz und dem richtigen Herz miteinander richtige Ziele verfolgen\u201c, so Karin Str\u00e4tling von IN VIA Paderborn e.V..&nbsp;Seit 2011 ist der Kreis Paderborn alleiniger Finanzgeber des Projektes. Die Stadt Paderborn stellt Via Helene seit 2004 im MultiCult ein mietfreies Zuhause zur Verf\u00fcgung. In diesem Jahr feiert das Projekt seinen 20. Geburtstag und kann auf eine lange Geschichte der erfolgreichen Unterst\u00fctzung von Jugendlichen zur\u00fcckblicken. Im Rahmen der Ausbildungsvorbereitung werden sozialp\u00e4dagogische Unterst\u00fctzungen angeboten, die auf die individuellen Bed\u00fcrfnisse der Jugendlichen zugeschnitten sind.<\/p>\n\n\n\n<p>\u201eAm meisten geholfen hat mir, die Struktur im Alltag wiederzufinden\u201c, antwortet eine Sch\u00fclerin auf die Frage, was das Projekt Via Helene f\u00fcr sie so besonders macht. Beim \u201eSpeeddating\u201c zu Beginn der Jubil\u00e4umsfeier konnten sich alle G\u00e4ste besser kennenlernen. Besonders die Sch\u00fclerinnen und Sch\u00fcler konnten so von ihren Erfahrungen erz\u00e4hlen. Berufsw\u00fcnsche, denen sie nach dem Projekt nachgehen m\u00f6chten, hatten sie auch schon. Grafikdesigner oder Konditorin waren nur zwei der vielen Berufsfelder, die von den Jugendlichen ins Auge gefasst wurden.<\/p>\n\n\n\n<p>Das Projekt Via Helene hat nicht nur einen positiven Einfluss auf die Lebenswege der Teilnehmerinnen und Teilnehmer, sondern tr\u00e4gt auch zur St\u00e4rkung der Jugendlichen und zur F\u00f6rderung ihrer pers\u00f6nlichen Entwicklung bei. Durch die Unterst\u00fctzung der lokalen Gemeinschaft und der Beh\u00f6rden kann das Projekt auch weiterhin einen wichtigen Beitrag zur Zukunft junger Menschen leisten.<\/p>\n\n\n\n<figure class=\"wp-block-image size-large\"><img loading=\"lazy\" decoding=\"async\" width=\"1024\" height=\"768\" src=\"http:\/\/hwbk.de\/WordPress_02\/wp-content\/uploads\/2024\/06\/20-Jahre-ViaHelene-1024x768.jpg\" alt=\"\" class=\"wp-image-6651\" srcset=\"https:\/\/hwbk.de\/WordPress_02\/wp-content\/uploads\/2024\/06\/20-Jahre-ViaHelene-1024x768.jpg 1024w, https:\/\/hwbk.de\/WordPress_02\/wp-content\/uploads\/2024\/06\/20-Jahre-ViaHelene-300x225.jpg 300w, https:\/\/hwbk.de\/WordPress_02\/wp-content\/uploads\/2024\/06\/20-Jahre-ViaHelene-128x96.jpg 128w, https:\/\/hwbk.de\/WordPress_02\/wp-content\/uploads\/2024\/06\/20-Jahre-ViaHelene-768x576.jpg 768w, https:\/\/hwbk.de\/WordPress_02\/wp-content\/uploads\/2024\/06\/20-Jahre-ViaHelene-1536x1152.jpg 1536w, https:\/\/hwbk.de\/WordPress_02\/wp-content\/uploads\/2024\/06\/20-Jahre-ViaHelene-2048x1536.jpg 2048w\" sizes=\"auto, (max-width: 1024px) 100vw, 1024px\" \/><figcaption>v.l.n.r hinten: Sch\u00fclerin HWBK, Swetlana Heinz (IN VIA Paderborn e.V.), Agnes Labudda (Stadt Paderborn\/Jugendamt), Latif Karac\u00f6l (Leitung MuliCult), Tanja Funke (Agentur f\u00fcr Arbeit Paderborn), Markus Gro\u00df (IN VIA Paderborn e.V), Markus Beninca (Agentur f\u00fcr Arbeit Paderborn), Silke Kohaupt (SPD, Schul- und Sportausschuss), Annette M\u00fchlenhoff (Dezernentin Kreis Paderborn), Melanie Schnettler (Agentur f\u00fcr Arbeit Paderborn), Bianca Gerstenk\u00f6per und &nbsp;Sina Jacobi (Helene Weber-Berufskolleg).<br><br>v.l.n.r vorne: Andrea Lill (Helene-Weber-Berufskolleg), Petra Bolte (Kreis Paderborn), Sch\u00fclerin HWBK, Susanne Tietje Gro\u00df (Schulleitung Helene Weber Berufskolleg), Karin Str\u00e4tling (IN VIA Paderborn e.V.), Margarete Schwede (IN VIA Paderborn e.V.), Diethelm Krause (CDU Schul-und Sportausschuss), Katharina M\u00f6ller (Kreis Paderborn).<\/figcaption><\/figure>\n\n\n\n<p>(C) <a href=\"https:\/\/www.kreis-paderborn.de\/kreis_paderborn\/aktuelles\/pressemitteilungen\/20-jahre-via-helena.php\">20 Jahre Via Helene &#8211; Kreis Paderborn (kreis-paderborn.de)<\/a><\/p>\n","protected":false},"excerpt":{"rendered":"<p>Projekt f\u00fcr Jugendliche ohne Berufsausbildung feiert Jubil\u00e4um Kreis Paderborn (KRPB).&nbsp;Jugendlichen ohne Berufsausbildung eine Alltagsstruktur bieten, um sie bestm\u00f6glich auf das weitere Leben vorzubereiten \u2013 das ist das Ziel des einzigartigen Projektes Via Helene. Seit seiner Gr\u00fcndung im Dezember 2004 am &hellip; <a href=\"https:\/\/hwbk.de\/WordPress_02\/20-jahre-via-helene\/\">Continue reading <span class=\"meta-nav\">&rarr;<\/span><\/a><\/p>\n","protected":false},"author":8,"featured_media":6651,"comment_status":"closed","ping_status":"closed","sticky":false,"template":"","format":"standard","meta":{"footnotes":""},"categories":[4],"tags":[],"class_list":["post-6650","post","type-post","status-publish","format-standard","has-post-thumbnail","hentry","category-artikel"],"_links":{"self":[{"href":"https:\/\/hwbk.de\/WordPress_02\/wp-json\/wp\/v2\/posts\/6650","targetHints":{"allow":["GET"]}}],"collection":[{"href":"https:\/\/hwbk.de\/WordPress_02\/wp-json\/wp\/v2\/posts"}],"about":[{"href":"https:\/\/hwbk.de\/WordPress_02\/wp-json\/wp\/v2\/types\/post"}],"author":[{"embeddable":true,"href":"https:\/\/hwbk.de\/WordPress_02\/wp-json\/wp\/v2\/users\/8"}],"replies":[{"embeddable":true,"href":"https:\/\/hwbk.de\/WordPress_02\/wp-json\/wp\/v2\/comments?post=6650"}],"version-history":[{"count":2,"href":"https:\/\/hwbk.de\/WordPress_02\/wp-json\/wp\/v2\/posts\/6650\/revisions"}],"predecessor-version":[{"id":6654,"href":"https:\/\/hwbk.de\/WordPress_02\/wp-json\/wp\/v2\/posts\/6650\/revisions\/6654"}],"wp:featuredmedia":[{"embeddable":true,"href":"https:\/\/hwbk.de\/WordPress_02\/wp-json\/wp\/v2\/media\/6651"}],"wp:attachment":[{"href":"https:\/\/hwbk.de\/WordPress_02\/wp-json\/wp\/v2\/media?parent=6650"}],"wp:term":[{"taxonomy":"category","embeddable":true,"href":"https:\/\/hwbk.de\/WordPress_02\/wp-json\/wp\/v2\/categories?post=6650"},{"taxonomy":"post_tag","embeddable":true,"href":"https:\/\/hwbk.de\/WordPress_02\/wp-json\/wp\/v2\/tags?post=6650"}],"curies":[{"name":"wp","href":"https:\/\/api.w.org\/{rel}","templated":true}]}}