{"id":6827,"date":"2024-11-06T08:35:51","date_gmt":"2024-11-06T09:35:51","guid":{"rendered":"http:\/\/hwbk.de\/WordPress_02\/?p=6827"},"modified":"2024-11-12T18:19:39","modified_gmt":"2024-11-12T19:19:39","slug":"infotag-am-30-11-2024","status":"publish","type":"post","link":"https:\/\/hwbk.de\/WordPress_02\/infotag-am-30-11-2024\/","title":{"rendered":"Infotag am 30.11.2024"},"content":{"rendered":"\n<p>Am 30.11.2024 veranstalten die f\u00fcnf Berufskollegs des Kreises Paderborn einen gemeinsamen Infotag. In der Zeit von 9-13 Uhr k\u00f6nnen Sie sich am Helene-Weber-Berufskolleg \u00fcber die vielf\u00e4ltigen Bildungsg\u00e4nge und Abschl\u00fcsse informieren &#8211; vom ersten Schulabschluss bis zum Abitur bieten wir alle Abschl\u00fcsse an, teilweise in Kombination mit einer Berufsausbildung. Zudem findet am Infotag die Beratung f\u00fcr Sch\u00fclerinnen und Sch\u00fcler mit dem F\u00f6rderschwerpunkt Geistige Entwicklung statt (um 9:30 Uhr in Raum FE12 des Helene-Weber-BKs).<\/p>\n\n\n\n<p>Am Infotag des HWBK erwarten Sie:<\/p>\n\n\n\n<ul class=\"wp-block-list\"><li>individuelle Beratungen durch die Lehrer- und Sch\u00fclerschaft<\/li><li>Pr\u00e4sentationen von Unterrichtsergebnissen<\/li><li>kulinarische K\u00f6stlichkeiten des Hauses<\/li><\/ul>\n\n\n\n<p>Dar\u00fcber hinaus stehen Ihnen unsere Beratungslehrkr\u00e4fte zur Verf\u00fcgung: <a rel=\"noreferrer noopener\" href=\"mailto:beratung@hwbk.de\" target=\"_blank\">beratung@hwbk.de<\/a><\/p>\n\n\n\n<p><strong>Teilnehmende Berufskollegs:<\/strong><\/p>\n\n\n\n<figure class=\"wp-block-image size-large\"><img loading=\"lazy\" decoding=\"async\" width=\"605\" height=\"423\" src=\"http:\/\/hwbk.de\/WordPress_02\/wp-content\/uploads\/2023\/10\/Bild2Infotag.jpg\" alt=\"\" class=\"wp-image-6824\" srcset=\"https:\/\/hwbk.de\/WordPress_02\/wp-content\/uploads\/2023\/10\/Bild2Infotag.jpg 605w, https:\/\/hwbk.de\/WordPress_02\/wp-content\/uploads\/2023\/10\/Bild2Infotag-300x210.jpg 300w, https:\/\/hwbk.de\/WordPress_02\/wp-content\/uploads\/2023\/10\/Bild2Infotag-128x89.jpg 128w\" sizes=\"auto, (max-width: 605px) 100vw, 605px\" \/><\/figure>\n","protected":false},"excerpt":{"rendered":"<p>Am 30.11.2024 veranstalten die f\u00fcnf Berufskollegs des Kreises Paderborn einen gemeinsamen Infotag. In der Zeit von 9-13 Uhr k\u00f6nnen Sie sich am Helene-Weber-Berufskolleg \u00fcber die vielf\u00e4ltigen Bildungsg\u00e4nge und Abschl\u00fcsse informieren &#8211; vom ersten Schulabschluss bis zum Abitur bieten wir alle &hellip; <a href=\"https:\/\/hwbk.de\/WordPress_02\/infotag-am-30-11-2024\/\">Continue reading <span class=\"meta-nav\">&rarr;<\/span><\/a><\/p>\n","protected":false},"author":8,"featured_media":6823,"comment_status":"closed","ping_status":"closed","sticky":false,"template":"","format":"standard","meta":{"footnotes":""},"categories":[4],"tags":[],"class_list":["post-6827","post","type-post","status-publish","format-standard","has-post-thumbnail","hentry","category-artikel"],"_links":{"self":[{"href":"https:\/\/hwbk.de\/WordPress_02\/wp-json\/wp\/v2\/posts\/6827","targetHints":{"allow":["GET"]}}],"collection":[{"href":"https:\/\/hwbk.de\/WordPress_02\/wp-json\/wp\/v2\/posts"}],"about":[{"href":"https:\/\/hwbk.de\/WordPress_02\/wp-json\/wp\/v2\/types\/post"}],"author":[{"embeddable":true,"href":"https:\/\/hwbk.de\/WordPress_02\/wp-json\/wp\/v2\/users\/8"}],"replies":[{"embeddable":true,"href":"https:\/\/hwbk.de\/WordPress_02\/wp-json\/wp\/v2\/comments?post=6827"}],"version-history":[{"count":2,"href":"https:\/\/hwbk.de\/WordPress_02\/wp-json\/wp\/v2\/posts\/6827\/revisions"}],"predecessor-version":[{"id":6831,"href":"https:\/\/hwbk.de\/WordPress_02\/wp-json\/wp\/v2\/posts\/6827\/revisions\/6831"}],"wp:featuredmedia":[{"embeddable":true,"href":"https:\/\/hwbk.de\/WordPress_02\/wp-json\/wp\/v2\/media\/6823"}],"wp:attachment":[{"href":"https:\/\/hwbk.de\/WordPress_02\/wp-json\/wp\/v2\/media?parent=6827"}],"wp:term":[{"taxonomy":"category","embeddable":true,"href":"https:\/\/hwbk.de\/WordPress_02\/wp-json\/wp\/v2\/categories?post=6827"},{"taxonomy":"post_tag","embeddable":true,"href":"https:\/\/hwbk.de\/WordPress_02\/wp-json\/wp\/v2\/tags?post=6827"}],"curies":[{"name":"wp","href":"https:\/\/api.w.org\/{rel}","templated":true}]}}