{"id":6902,"date":"2025-01-30T06:41:00","date_gmt":"2025-01-30T07:41:00","guid":{"rendered":"http:\/\/hwbk.de\/WordPress_02\/?p=6902"},"modified":"2025-01-30T11:58:34","modified_gmt":"2025-01-30T12:58:34","slug":"projekt-modernisierung-der-ausbildungsrelevanten-ausstattung-an-vier-berufskollegs-im-kreis-paderborn","status":"publish","type":"post","link":"https:\/\/hwbk.de\/WordPress_02\/projekt-modernisierung-der-ausbildungsrelevanten-ausstattung-an-vier-berufskollegs-im-kreis-paderborn\/","title":{"rendered":"Projekt Modernisierung der ausbildungsrelevanten Ausstattung an vier Berufskollegs im Kreis Paderborn"},"content":{"rendered":"\n<p>Gegenstand des Projektes ist die Modernisierung der Ausstattung, \u00fcberwiegend im IT-Bereich, sowie der Labore, des Mobiliars, etc. am Helene-Weber-Berufskolleg, Richard-von-Weizs\u00e4cker-Berufskolleg, Ludwig-Erhard-Berufskolleg und am Berufskolleg Schlo\u00df Neuhaus.<\/p>\n\n\n\n<p>Das Vorhaben \u201eModernisierung der ausbildungsrelevanten Ausstattung an vier Berufskollegs im Kreis Paderborn\u201c wird aus Mitteln der Bund-L\u00e4nder-Gemeinschaftsaufgabe \u201eVerbesserung der regionalen Wirtschaftsstruktur\u201c (GRW) gef\u00f6rdert.<\/p>\n\n\n\n<div class=\"wp-block-columns is-layout-flex wp-container-core-columns-is-layout-9d6595d7 wp-block-columns-is-layout-flex\">\n<div class=\"wp-block-column is-layout-flow wp-block-column-is-layout-flow\">\n<figure class=\"wp-block-image size-large is-resized\"><img loading=\"lazy\" decoding=\"async\" src=\"http:\/\/hwbk.de\/WordPress_02\/wp-content\/uploads\/2024\/12\/bmwi_fz_2021_office_farbe_de-1004x1024.png\" alt=\"\" class=\"wp-image-6903\" width=\"298\" height=\"304\" srcset=\"https:\/\/hwbk.de\/WordPress_02\/wp-content\/uploads\/2024\/12\/bmwi_fz_2021_office_farbe_de-1004x1024.png 1004w, https:\/\/hwbk.de\/WordPress_02\/wp-content\/uploads\/2024\/12\/bmwi_fz_2021_office_farbe_de-294x300.png 294w, https:\/\/hwbk.de\/WordPress_02\/wp-content\/uploads\/2024\/12\/bmwi_fz_2021_office_farbe_de-128x131.png 128w, https:\/\/hwbk.de\/WordPress_02\/wp-content\/uploads\/2024\/12\/bmwi_fz_2021_office_farbe_de-768x784.png 768w, https:\/\/hwbk.de\/WordPress_02\/wp-content\/uploads\/2024\/12\/bmwi_fz_2021_office_farbe_de.png 1372w\" sizes=\"auto, (max-width: 298px) 100vw, 298px\" \/><\/figure>\n<\/div>\n\n\n\n<div class=\"wp-block-column is-layout-flow wp-block-column-is-layout-flow\">\n<figure class=\"wp-block-image size-large\"><img loading=\"lazy\" decoding=\"async\" width=\"508\" height=\"99\" src=\"http:\/\/hwbk.de\/WordPress_02\/wp-content\/uploads\/2024\/12\/mwi.png\" alt=\"\" class=\"wp-image-6905\" srcset=\"https:\/\/hwbk.de\/WordPress_02\/wp-content\/uploads\/2024\/12\/mwi.png 508w, https:\/\/hwbk.de\/WordPress_02\/wp-content\/uploads\/2024\/12\/mwi-300x58.png 300w, https:\/\/hwbk.de\/WordPress_02\/wp-content\/uploads\/2024\/12\/mwi-128x25.png 128w\" sizes=\"auto, (max-width: 508px) 100vw, 508px\" \/><\/figure>\n<\/div>\n<\/div>\n\n\n\n<p><strong>Ansprechpersonen<\/strong><\/p>\n\n\n\n<div class=\"wp-block-columns is-layout-flex wp-container-core-columns-is-layout-9d6595d7 wp-block-columns-is-layout-flex\">\n<div class=\"wp-block-column is-layout-flow wp-block-column-is-layout-flow\">\n<p>Frau H\u00fcllwegen<br>IT-Service<br>Tel.: 05251 308-1321<br>Fax: 05251 308-8888<br><a href=\"mailto:huellwegenl@kreis-paderborn.de\">huellwegenl@kreis-paderborn.de<\/a><\/p>\n<\/div>\n\n\n\n<div class=\"wp-block-column is-layout-flow wp-block-column-is-layout-flow\">\n<p>Herr Kunze<br>Schul- und Sportamt<br>Tel.: 05251 308-4030<br>Fax: 05251 308-894099<br><a href=\"mailto:kunzer@kreis-paderborn.de\">kunzer@kreis-paderborn.de<\/a><\/p>\n<\/div>\n<\/div>\n","protected":false},"excerpt":{"rendered":"<p>Gegenstand des Projektes ist die Modernisierung der Ausstattung, \u00fcberwiegend im IT-Bereich, sowie der Labore, des Mobiliars, etc. am Helene-Weber-Berufskolleg, Richard-von-Weizs\u00e4cker-Berufskolleg, Ludwig-Erhard-Berufskolleg und am Berufskolleg Schlo\u00df Neuhaus. Das Vorhaben \u201eModernisierung der ausbildungsrelevanten Ausstattung an vier Berufskollegs im Kreis Paderborn\u201c wird aus &hellip; <a href=\"https:\/\/hwbk.de\/WordPress_02\/projekt-modernisierung-der-ausbildungsrelevanten-ausstattung-an-vier-berufskollegs-im-kreis-paderborn\/\">Continue reading <span class=\"meta-nav\">&rarr;<\/span><\/a><\/p>\n","protected":false},"author":8,"featured_media":6964,"comment_status":"closed","ping_status":"closed","sticky":false,"template":"","format":"standard","meta":{"footnotes":""},"categories":[4],"tags":[],"class_list":["post-6902","post","type-post","status-publish","format-standard","has-post-thumbnail","hentry","category-artikel"],"_links":{"self":[{"href":"https:\/\/hwbk.de\/WordPress_02\/wp-json\/wp\/v2\/posts\/6902","targetHints":{"allow":["GET"]}}],"collection":[{"href":"https:\/\/hwbk.de\/WordPress_02\/wp-json\/wp\/v2\/posts"}],"about":[{"href":"https:\/\/hwbk.de\/WordPress_02\/wp-json\/wp\/v2\/types\/post"}],"author":[{"embeddable":true,"href":"https:\/\/hwbk.de\/WordPress_02\/wp-json\/wp\/v2\/users\/8"}],"replies":[{"embeddable":true,"href":"https:\/\/hwbk.de\/WordPress_02\/wp-json\/wp\/v2\/comments?post=6902"}],"version-history":[{"count":7,"href":"https:\/\/hwbk.de\/WordPress_02\/wp-json\/wp\/v2\/posts\/6902\/revisions"}],"predecessor-version":[{"id":6914,"href":"https:\/\/hwbk.de\/WordPress_02\/wp-json\/wp\/v2\/posts\/6902\/revisions\/6914"}],"wp:featuredmedia":[{"embeddable":true,"href":"https:\/\/hwbk.de\/WordPress_02\/wp-json\/wp\/v2\/media\/6964"}],"wp:attachment":[{"href":"https:\/\/hwbk.de\/WordPress_02\/wp-json\/wp\/v2\/media?parent=6902"}],"wp:term":[{"taxonomy":"category","embeddable":true,"href":"https:\/\/hwbk.de\/WordPress_02\/wp-json\/wp\/v2\/categories?post=6902"},{"taxonomy":"post_tag","embeddable":true,"href":"https:\/\/hwbk.de\/WordPress_02\/wp-json\/wp\/v2\/tags?post=6902"}],"curies":[{"name":"wp","href":"https:\/\/api.w.org\/{rel}","templated":true}]}}